{"id":10301,"date":"2018-08-24T14:11:18","date_gmt":"2018-08-24T17:11:18","guid":{"rendered":"http:\/\/www.atecordoba.org\/?p=10301"},"modified":"2018-08-24T14:11:18","modified_gmt":"2018-08-24T17:11:18","slug":"el-cuerpo-de-delegados-de-ate-unc-repudia-la-represion-policial-a-estudiantes-durante-una-asamblea","status":"publish","type":"post","link":"https:\/\/atecordoba.org\/?p=10301","title":{"rendered":"El cuerpo de delegados de ATE-UNC repudia la represi\u00f3n policial a estudiantes durante una asamblea"},"content":{"rendered":"<p><em>La polic\u00eda desaloj\u00f3 ayer a un grupo de estudiantes en la Facultad de Derecho. Los delegados responsabilizaron al decano Barrera Buteler.<\/em><\/p>\n<p><img loading=\"lazy\" decoding=\"async\" class=\"aligncenter size-full wp-image-10302\" src=\"http:\/\/www.atecordoba.org\/wp-content\/uploads\/2018\/08\/represion-unc-e1535130668855.jpg\" alt=\"\" width=\"550\" height=\"302\"><\/p>\n<p>El cuerpo de delegados de ATE de la Universidad Nacional de C\u00f3rdoba expres\u00f3 hoy su solidaridad con los estudiantes reprimidos ayer durante una asamblea que se desarrollaba en la Facultad de Derecho.<\/p>\n<p>Los trabajadores no docentes repudiaron el uso de la fuerza represiva para cercenar el derecho democr\u00e1tico de los estudiantes a reunirse en asamblea y denunci\u00f3 al decano de Derecho, Guillermo Barrera Buteler, por ordenar la intervenci\u00f3n policial.<\/p>\n<p>Barrera Buteler trascendi\u00f3 a nivel nacional hace poco cuando aleg\u00f3 en el Senado de la Naci\u00f3n contra el aborto desde posiciones de la ortodoxia cat\u00f3lica y con conceptos ultramontanos sobre las mujeres.<\/p>\n<p>Ahora, tras la multitudinaria marcha realizada este semana en C\u00f3rdoba que reuni\u00f3 a 100 mil personas, el decano se interpone en la vida democr\u00e1tica interna de la UNC, aduciendo \u201camenazas de bomba\u201d, que le habr\u00edan llegado de manera an\u00f3nima.<\/p>\n<p>En tal sentido, los trabajadores universitarios llaman a todas las organizaciones gremiales estudiantiles, sindicales y pol\u00edticas que conviven en la UNC a manifestar el m\u00e1s en\u00e9rgico repudio a cualquier tipo de cercenamiento de los derechos de expresi\u00f3n y al uso de la polic\u00eda como grupo de choque.<\/p>\n<p>\u201cExigimos tambi\u00e9n que los Consejos Directivos de Facultades y el Consejo Superior se manifiesten condenando la acci\u00f3n represiva y violenta ejercida por la polic\u00eda y ordenada por el decano de la Facultad de Derecho\u201d, agregaron.<\/p>\n<p>Y finalizaron afirmando que \u201cdesde el cuerpo de delegados no docentes de ATE UNC impulsamos y apoyamos cualquier medida de acci\u00f3n directa resuelta por las asambleas que se llevan adelante para que triunfe de manera definitiva la lucha que vienen protagonizando estudiantes, docentes y no docentes de las universidades en todo el pa\u00eds\u201d.<\/p>\n","protected":false},"excerpt":{"rendered":"<p>La polic\u00eda desaloj\u00f3 ayer a un grupo de estudiantes en la Facultad de Derecho. Los delegados responsabilizaron al decano Barrera Buteler. El cuerpo de delegados de ATE de la Universidad Nacional de C\u00f3rdoba expres\u00f3 hoy su solidaridad con los estudiantes reprimidos ayer durante una asamblea que se desarrollaba en la Facultad de Derecho. Los trabajadores [&hellip;]<\/p>\n","protected":false},"author":1,"featured_media":19220,"comment_status":"open","ping_status":"open","sticky":false,"template":"","format":"standard","meta":{"_exactmetrics_skip_tracking":false,"_exactmetrics_sitenote_active":false,"_exactmetrics_sitenote_note":"","_exactmetrics_sitenote_category":0,"jnews-multi-image_gallery":[],"jnews_single_post":[],"jnews_primary_category":[],"jnews_social_meta":[],"jnews_review":[],"enable_review":"","type":"","name":"","summary":"","brand":"","sku":"","good":[],"bad":[],"score_override":"","override_value":"","rating":[],"price":[],"jnews_override_counter":[],"jnews_post_split":[],"footnotes":""},"categories":[89],"tags":[],"class_list":["post-10301","post","type-post","status-publish","format-standard","has-post-thumbnail","hentry","category-unc"],"jetpack_featured_media_url":"https:\/\/atecordoba.org\/wp-content\/uploads\/2020\/05\/logo-nuevochico-e1561581322808.png","_links":{"self":[{"href":"https:\/\/atecordoba.org\/index.php?rest_route=\/wp\/v2\/posts\/10301","targetHints":{"allow":["GET"]}}],"collection":[{"href":"https:\/\/atecordoba.org\/index.php?rest_route=\/wp\/v2\/posts"}],"about":[{"href":"https:\/\/atecordoba.org\/index.php?rest_route=\/wp\/v2\/types\/post"}],"author":[{"embeddable":true,"href":"https:\/\/atecordoba.org\/index.php?rest_route=\/wp\/v2\/users\/1"}],"replies":[{"embeddable":true,"href":"https:\/\/atecordoba.org\/index.php?rest_route=%2Fwp%2Fv2%2Fcomments&post=10301"}],"version-history":[{"count":0,"href":"https:\/\/atecordoba.org\/index.php?rest_route=\/wp\/v2\/posts\/10301\/revisions"}],"wp:featuredmedia":[{"embeddable":true,"href":"https:\/\/atecordoba.org\/index.php?rest_route=\/wp\/v2\/media\/19220"}],"wp:attachment":[{"href":"https:\/\/atecordoba.org\/index.php?rest_route=%2Fwp%2Fv2%2Fmedia&parent=10301"}],"wp:term":[{"taxonomy":"category","embeddable":true,"href":"https:\/\/atecordoba.org\/index.php?rest_route=%2Fwp%2Fv2%2Fcategories&post=10301"},{"taxonomy":"post_tag","embeddable":true,"href":"https:\/\/atecordoba.org\/index.php?rest_route=%2Fwp%2Fv2%2Ftags&post=10301"}],"curies":[{"name":"wp","href":"https:\/\/api.w.org\/{rel}","templated":true}]}}