{"id":10292,"date":"2018-08-24T13:52:40","date_gmt":"2018-08-24T16:52:40","guid":{"rendered":"http:\/\/www.atecordoba.org\/?p=10292"},"modified":"2018-08-24T13:52:40","modified_gmt":"2018-08-24T16:52:40","slug":"ate-saf-marcho-a-agroindustria-por-una-agricultura-con-agricultores","status":"publish","type":"post","link":"https:\/\/atecordoba.org\/?p=10292","title":{"rendered":"ATE SAF march\u00f3 a Agroindustria: Por una agricultura con agricultores"},"content":{"rendered":"<p><em>Lo hizo contra los despidos y el vaciamiento, junto a la CTA-A y trabajadores de organismos y organizaciones del sector, como SENASA e INTA.<\/em><\/p>\n<p><img loading=\"lazy\" decoding=\"async\" class=\"aligncenter size-full wp-image-10293\" src=\"http:\/\/www.atecordoba.org\/wp-content\/uploads\/2018\/08\/110c33efff19173504a2a212cb90bfc3_m-e1535129382245.jpg\" alt=\"\" width=\"550\" height=\"367\"><\/p>\n<p style=\"font-weight: 400;\">En el segundo d\u00eda del Paro activo de 72 horas, lxs trabajadores de ATE de la Secretar\u00eda de Agricultura Familiar se movilizaron hacia el Ministerio de Agroindustria, junto al resto de los organismos del sector, la CTA Aut\u00f3noma y organizaciones de peque\u00f1os y medianos productores rurales. La medida es en repudio a la amenaza de 600 despidos en las delegaciones de la SAF de todo el pa\u00eds y el desmantelamiento que esto significar\u00eda.<\/p>\n<p><img loading=\"lazy\" decoding=\"async\" class=\"aligncenter size-full wp-image-10294\" src=\"http:\/\/www.atecordoba.org\/wp-content\/uploads\/2018\/08\/13063_9002-e1535129404768.jpg\" alt=\"\" width=\"550\" height=\"367\"><\/p>\n<p style=\"font-weight: 400;\">Luego de marchar por Paseo Col\u00f3n, desde Av Belgrano hasta Carlos Calvo, la columna se concentr\u00f3 frente a la cartera que preside el representante de la Sociedad Rural, Miguel Etchevehere, a quien los trabajadores denuncian por aplicar pol\u00edticas que atentan contra el sector que produce el 65% de los alimentos que consumimos, al tiempo que favorece a los grandes grupos agro-exportadores.<\/p>\n<p><img loading=\"lazy\" decoding=\"async\" class=\"aligncenter size-full wp-image-10295\" src=\"http:\/\/www.atecordoba.org\/wp-content\/uploads\/2018\/08\/13063_9005-e1535129432566.jpg\" alt=\"\" width=\"550\" height=\"367\"><\/p>\n<p style=\"font-weight: 400;\">All\u00ed se realiz\u00f3 un acto en el que Melina Zocchi, de la mesa de coordinaci\u00f3n nacional de la SAF, expres\u00f3: \u201cEs ineludible detener el atropell\u00f3 que el Gobierno est\u00e1 haciendo hacia los peque\u00f1os y medianos productores, y a los trabajadores que los acompa\u00f1amos, porque implica el desmantelamiento de las econom\u00edas regionales y de la soberan\u00eda territorial\u201d.<\/p>\n<p><img loading=\"lazy\" decoding=\"async\" class=\"aligncenter size-full wp-image-10296\" src=\"http:\/\/www.atecordoba.org\/wp-content\/uploads\/2018\/08\/13063_9011-e1535129455496.jpg\" alt=\"\" width=\"550\" height=\"367\"><\/p>\n<p style=\"font-weight: 400;\">Adem\u00e1s, ATE Nacional anunci\u00f3 el plan de lucha que se va a realizar en septiembre, con un Paro Nacional activo de los sectores productivos, de la econom\u00eda popular y del campo, con acampes y cortes de ruta. El objetivo es discutir el presupuesto nacional en que el Gobierno buscar\u00e1 imprimir el ajuste acordado con el FMI y hacia el G-20, y que implicar\u00e1 \u201cponerle el mo\u00f1o a la destrucci\u00f3n del Estado\u201d.<\/p>\n<p><img loading=\"lazy\" decoding=\"async\" class=\"aligncenter size-full wp-image-10297\" src=\"http:\/\/www.atecordoba.org\/wp-content\/uploads\/2018\/08\/13063_9022-e1535129477402.jpg\" alt=\"\" width=\"550\" height=\"367\"><\/p>\n<p style=\"font-weight: 400;\">As\u00ed lo afirm\u00f3 Silvia Le\u00f3n, Secretaria de Organizaci\u00f3n de ATE y de G\u00e9nero de la CTA-A. Sobre la medida en Agroindustria manifest\u00f3: \u201cEntendemos que hay una pol\u00edtica que quiere destruir la soberan\u00eda nacional. Nosotros producimos alimentos para el pueblo, no para la exportaci\u00f3n y eso es lo que est\u00e1n atacando\u201d.<\/p>\n<p><img loading=\"lazy\" decoding=\"async\" class=\"aligncenter size-full wp-image-10298\" src=\"http:\/\/www.atecordoba.org\/wp-content\/uploads\/2018\/08\/13063_9010-e1535129501574.jpg\" alt=\"\" width=\"550\" height=\"348\"><\/p>\n<p style=\"font-weight: 400;\">La dirigente tambi\u00e9n habl\u00f3 de las distintas luchas que ATE est\u00e1 llevando adelante, en defensa de Fabricaciones Militares, del Astillero R\u00edo Santiago, entre tantas otras. \u201cEsas peleas hablan de la voluntad de construir una fuerza organizadas, unidos y en las calles. Si bien es cierto que estamos sufriendo porque el Gobierno cada d\u00eda despide trabajadores, ese dolor lo convertimos en lucha. Por eso somos de ATE\u201d, exclam\u00f3.<\/p>\n<p><img loading=\"lazy\" decoding=\"async\" class=\"aligncenter size-full wp-image-10299\" src=\"http:\/\/www.atecordoba.org\/wp-content\/uploads\/2018\/08\/13063_9023-e1535129523629.jpg\" alt=\"\" width=\"550\" height=\"367\"><\/p>\n<p style=\"font-weight: 400;\">En esa l\u00ednea tambi\u00e9n se expres\u00f3 Pablo Spataro, miembro del CDN de ATE y Secretario General de la CTA-A Capital. \u201cEstamos presentes ac\u00e1 as\u00ed como estamos bancando en cada lugar donde se resiste, porque entendemos que es importante construir las condiciones para un nuevo paro nacional que haga retroceder las pol\u00edticas anti populares del Gobierno\u201d, subray\u00f3.<\/p>\n<p style=\"font-weight: 400;\">Por la Conducci\u00f3n Nacional de ATE tambi\u00e9n estuvieron Dar\u00edo Orellano, Flavio Vergara y Natalia Castesana. Por SENASA estuvo Carina Maloberti y el representante bonaerense, Gustavo Montiveros. Tambi\u00e9n particip\u00f3 la junta interna del Ministerio de Agroindustria y de INTA.<\/p>\n<p style=\"font-weight: 400;\">El delegado general de esta \u00faltima, Jos\u00e9 Luis Perea, indic\u00f3: \u201cAqu\u00ed se encuentra lo mejor de los trabajadores y, del otro lado, est\u00e1 toda la basura representada en un gran patr\u00f3n de estancia como Etchevehere, parte de un Gobierno que quiere profundizar el plan de guerra contra los trabajadores porque sigue fracasando &nbsp;y ni siquiera pueden resolver los problemas de los propios capitalistas\u201d.<\/p>\n<p style=\"font-weight: 400;\">Las organizaciones del campo tambi\u00e9n dijeron presente en solidaridad con lxs estatales. Nahuel Levaggi de la Uni\u00f3n de Trabajadores de la Tierra (UTT) denunci\u00f3 que el sector atraviesa una situaci\u00f3n cr\u00edtica que es estructural pero que se ha agudizado con el aumento del d\u00f3lar, el aumento de insumos de producci\u00f3n y la quita del Monotributo Social. \u201cEl despido de m\u00e1s trabajadores &nbsp;es un paso m\u00e1s de ese vaciamiento\u201d, afirm\u00f3. A su vez, Lautaro Leveratto, del MTE rural de la CTEP, explic\u00f3: \u201cLos t\u00e9cnicos de SAF, SENASA, INTA son los que llevan proyectos y capacitaciones para mejorar nuestras producciones, generar arraigo, llevar el Agua\u201d. Por ello, reafirm\u00f3: \u201cLas pol\u00edticas de ajuste efectuadas por Etchevehere nos afectan directamente\u201d.<\/p>\n","protected":false},"excerpt":{"rendered":"<p>Lo hizo contra los despidos y el vaciamiento, junto a la CTA-A y trabajadores de organismos y organizaciones del sector, como SENASA e INTA. En el segundo d\u00eda del Paro activo de 72 horas, lxs trabajadores de ATE de la Secretar\u00eda de Agricultura Familiar se movilizaron hacia el Ministerio de Agroindustria, junto al resto de [&hellip;]<\/p>\n","protected":false},"author":1,"featured_media":19220,"comment_status":"open","ping_status":"open","sticky":false,"template":"","format":"standard","meta":{"_exactmetrics_skip_tracking":false,"_exactmetrics_sitenote_active":false,"_exactmetrics_sitenote_note":"","_exactmetrics_sitenote_category":0,"jnews-multi-image_gallery":[],"jnews_single_post":[],"jnews_primary_category":[],"jnews_social_meta":[],"jnews_review":[],"enable_review":"","type":"","name":"","summary":"","brand":"","sku":"","good":[],"bad":[],"score_override":"","override_value":"","rating":[],"price":[],"jnews_override_counter":[],"jnews_post_split":[],"footnotes":""},"categories":[16],"tags":[],"class_list":["post-10292","post","type-post","status-publish","format-standard","has-post-thumbnail","hentry","category-saf"],"jetpack_featured_media_url":"https:\/\/atecordoba.org\/wp-content\/uploads\/2020\/05\/logo-nuevochico-e1561581322808.png","_links":{"self":[{"href":"https:\/\/atecordoba.org\/index.php?rest_route=\/wp\/v2\/posts\/10292","targetHints":{"allow":["GET"]}}],"collection":[{"href":"https:\/\/atecordoba.org\/index.php?rest_route=\/wp\/v2\/posts"}],"about":[{"href":"https:\/\/atecordoba.org\/index.php?rest_route=\/wp\/v2\/types\/post"}],"author":[{"embeddable":true,"href":"https:\/\/atecordoba.org\/index.php?rest_route=\/wp\/v2\/users\/1"}],"replies":[{"embeddable":true,"href":"https:\/\/atecordoba.org\/index.php?rest_route=%2Fwp%2Fv2%2Fcomments&post=10292"}],"version-history":[{"count":0,"href":"https:\/\/atecordoba.org\/index.php?rest_route=\/wp\/v2\/posts\/10292\/revisions"}],"wp:featuredmedia":[{"embeddable":true,"href":"https:\/\/atecordoba.org\/index.php?rest_route=\/wp\/v2\/media\/19220"}],"wp:attachment":[{"href":"https:\/\/atecordoba.org\/index.php?rest_route=%2Fwp%2Fv2%2Fmedia&parent=10292"}],"wp:term":[{"taxonomy":"category","embeddable":true,"href":"https:\/\/atecordoba.org\/index.php?rest_route=%2Fwp%2Fv2%2Fcategories&post=10292"},{"taxonomy":"post_tag","embeddable":true,"href":"https:\/\/atecordoba.org\/index.php?rest_route=%2Fwp%2Fv2%2Ftags&post=10292"}],"curies":[{"name":"wp","href":"https:\/\/api.w.org\/{rel}","templated":true}]}}