{"id":10271,"date":"2018-08-23T10:45:30","date_gmt":"2018-08-23T13:45:30","guid":{"rendered":"http:\/\/www.atecordoba.org\/?p=10271"},"modified":"2018-08-23T10:45:30","modified_gmt":"2018-08-23T13:45:30","slug":"ate-cordoba-apoyo-ayer-la-marcha-universitaria","status":"publish","type":"post","link":"https:\/\/atecordoba.org\/?p=10271","title":{"rendered":"ATE C\u00f3rdoba apoy\u00f3 ayer la marcha universitaria"},"content":{"rendered":"<p><em>Compa\u00f1eros de nuestro gremio participaron de la masiva movilizaci\u00f3n en defensa de la universidad p\u00fablica.<\/em><\/p>\n<p><img loading=\"lazy\" decoding=\"async\" class=\"aligncenter size-full wp-image-10272\" src=\"http:\/\/www.atecordoba.org\/wp-content\/uploads\/2018\/08\/marcha-unc.jpg\" alt=\"\" width=\"490\" height=\"869\"><\/p>\n<p>ATE respald\u00f3 ayer la multitudinaria marcha convocada por la comunidad educativa universitaria, que recorri\u00f3 las calles de C\u00f3rdoba en reclamo de presupuesto y paritaria salarial para trabajadores docentes y no docentes de la casa de estudios. Hasta el momento los aumentos obtenidos est\u00e1n muy por debajo de la pauta inflacionaria, sometiendo a los salarios del sector a una fuerte p\u00e9rdida del poder adquisitivo. El 15% otorgado hasta el momento es insuficiente, encima desdoblado en tres cuotas, la \u00faltima en octubre pr\u00f3ximo.&nbsp;<\/p>\n<p>El reclamo incluye tambi\u00e9n el fin del proceso de ajuste sobre el dispositivo de Ciencia y T\u00e9cnica que est\u00e1 aplicando la gesti\u00f3n macrista.<\/p>\n<p>Parece evidente que para el gobierno actual la educaci\u00f3n p\u00fablica no es prioridad, a pesar de los discursos, por lo que ATE reafirma la necesidad de revertir este panorama e invertir en la educaci\u00f3n p\u00fablica, as\u00ed como en el complejo cient\u00edfico-t\u00e9cnico, a los fines de desarrollar nuestro pa\u00eds con autonom\u00eda y retener a los cient\u00edficos y profesionales universitarios, que de otra manera buscar\u00e1n otros destinos laborales, como ya sucedi\u00f3 en etapas anteriores.&nbsp;<\/p>\n<p><img loading=\"lazy\" decoding=\"async\" class=\"aligncenter size-full wp-image-10273\" src=\"http:\/\/www.atecordoba.org\/wp-content\/uploads\/2018\/08\/marcha-unc-2-e1535031900230.jpg\" alt=\"\" width=\"550\" height=\"550\"><\/p>\n<p>En la oportunidad, estuvieron presentes el compa\u00f1ero Diego Guerra, secretario Gremial de ATE y General de la CTA-A Regional C\u00f3rdoba, acompa\u00f1ado por un conjunto de dirigentes y activistas de nuestra organizaci\u00f3n.&nbsp;<\/p>\n<p>La misma convocatoria se produjo en otras 56 universidades p\u00fablicas argentinas. Por caso, sendas movilizaciones se realizaron en Villa Mar\u00eda y R\u00edo Cuarto, donde ATE tambi\u00e9n estuvo presente.&nbsp;<\/p>\n","protected":false},"excerpt":{"rendered":"<p>Compa\u00f1eros de nuestro gremio participaron de la masiva movilizaci\u00f3n en defensa de la universidad p\u00fablica. ATE respald\u00f3 ayer la multitudinaria marcha convocada por la comunidad educativa universitaria, que recorri\u00f3 las calles de C\u00f3rdoba en reclamo de presupuesto y paritaria salarial para trabajadores docentes y no docentes de la casa de estudios. Hasta el momento los [&hellip;]<\/p>\n","protected":false},"author":1,"featured_media":19220,"comment_status":"open","ping_status":"open","sticky":false,"template":"","format":"standard","meta":{"_exactmetrics_skip_tracking":false,"_exactmetrics_sitenote_active":false,"_exactmetrics_sitenote_note":"","_exactmetrics_sitenote_category":0,"jnews-multi-image_gallery":[],"jnews_single_post":[],"jnews_primary_category":[],"jnews_social_meta":[],"jnews_review":[],"enable_review":"","type":"","name":"","summary":"","brand":"","sku":"","good":[],"bad":[],"score_override":"","override_value":"","rating":[],"price":[],"jnews_override_counter":[],"jnews_post_split":[],"footnotes":""},"categories":[89],"tags":[],"class_list":["post-10271","post","type-post","status-publish","format-standard","has-post-thumbnail","hentry","category-unc"],"jetpack_featured_media_url":"https:\/\/atecordoba.org\/wp-content\/uploads\/2020\/05\/logo-nuevochico-e1561581322808.png","_links":{"self":[{"href":"https:\/\/atecordoba.org\/index.php?rest_route=\/wp\/v2\/posts\/10271","targetHints":{"allow":["GET"]}}],"collection":[{"href":"https:\/\/atecordoba.org\/index.php?rest_route=\/wp\/v2\/posts"}],"about":[{"href":"https:\/\/atecordoba.org\/index.php?rest_route=\/wp\/v2\/types\/post"}],"author":[{"embeddable":true,"href":"https:\/\/atecordoba.org\/index.php?rest_route=\/wp\/v2\/users\/1"}],"replies":[{"embeddable":true,"href":"https:\/\/atecordoba.org\/index.php?rest_route=%2Fwp%2Fv2%2Fcomments&post=10271"}],"version-history":[{"count":0,"href":"https:\/\/atecordoba.org\/index.php?rest_route=\/wp\/v2\/posts\/10271\/revisions"}],"wp:featuredmedia":[{"embeddable":true,"href":"https:\/\/atecordoba.org\/index.php?rest_route=\/wp\/v2\/media\/19220"}],"wp:attachment":[{"href":"https:\/\/atecordoba.org\/index.php?rest_route=%2Fwp%2Fv2%2Fmedia&parent=10271"}],"wp:term":[{"taxonomy":"category","embeddable":true,"href":"https:\/\/atecordoba.org\/index.php?rest_route=%2Fwp%2Fv2%2Fcategories&post=10271"},{"taxonomy":"post_tag","embeddable":true,"href":"https:\/\/atecordoba.org\/index.php?rest_route=%2Fwp%2Fv2%2Ftags&post=10271"}],"curies":[{"name":"wp","href":"https:\/\/api.w.org\/{rel}","templated":true}]}}