{"id":10259,"date":"2018-08-14T14:24:09","date_gmt":"2018-08-14T17:24:09","guid":{"rendered":"http:\/\/www.atecordoba.org\/?p=10259"},"modified":"2018-08-14T14:24:09","modified_gmt":"2018-08-14T17:24:09","slug":"una-asamblea-en-agricultura-familiar-repudio-el-vaciamiento-del-organismo","status":"publish","type":"post","link":"https:\/\/atecordoba.org\/?p=10259","title":{"rendered":"Una asamblea en Agricultura Familiar repudi\u00f3 el vaciamiento del organismo"},"content":{"rendered":"<p><em>Las trabajadoras y trabajadores de la Subsecretar\u00eda de Agricultura Familiar de la Naci\u00f3n se encuentran en estado de asamblea permanente y movilizaci\u00f3n sobre la decisi\u00f3n del Ministerio de Agroindustria de reducir la planta de personal t\u00e9cnico en un 60%. El paro de ATE se cumpli\u00f3 en todo el pa\u00eds.&nbsp;<\/em><\/p>\n<p><img loading=\"lazy\" decoding=\"async\" class=\"aligncenter size-full wp-image-10262\" src=\"http:\/\/www.atecordoba.org\/wp-content\/uploads\/2018\/08\/WhatsApp-Image-2018-08-14-at-14.21.58-e1534267412454.jpeg\" alt=\"\" width=\"550\" height=\"309\"><\/p>\n<p>&nbsp;<\/p>\n<p>En el marco del paro nacional del organismo que lleva a cabo ATE durante todas la jornada, los trabajadores de la Subsecretar\u00eda de Agricultura Familiar (SsAF) realizaron una medida de fuerza con asamblea, que convoc\u00f3 a organizaciones gremiales y sociales para dar apoyo a la pelea que los trabajadores vienen realizando hace dos a\u00f1os en defensa de los puestos de trabajo.<\/p>\n<p>En representaci\u00f3n del Consejo Directivo Provincial, particip\u00f3 la secretaria General de ATE C\u00f3rdoba Liliana Salerno, junto a diversos miembros del secretariado.<\/p>\n<p>Al finalizar, la asamblea emiti\u00f3 un comunicado donde destacaron que \u201ces la unidad de las trabajadoras y trabajadores en la calle la que va a hacer frente a estas medidas del gobierno\u201d,&nbsp; y denunciaron \u201cel alto impacto que tendr\u00e1 la&nbsp; pronta desaparici\u00f3n del organismo para la agricultura familiar, sector que es productor del 80% de los alimentos que se consumen en Argentina\u201d.<\/p>\n<p>En tal sentido, los trabajadores alertan que se trata de un sector de la econom\u00eda rural \u201cque sufre desde 2016 la falta de financiamiento, los despidos, la reducci\u00f3n de pol\u00edticas p\u00fablicas espec\u00edficas y la reciente baja&nbsp; del Monotributo Social Agropecuario, que permit\u00eda el acceso a la salud, la jubilaci\u00f3n y la inserci\u00f3n de los productores\/as al sistema de la econom\u00eda formal\u201d.<\/p>\n<p>\u201cEl desarrollo regional, tan mencionado en momentos de campa\u00f1a, no es posible sin trabajadores del estado en territorio, interviniendo de manera activa en los procesos de organizaci\u00f3n y desarrollo. Porque sin estado no hay derechos, no vamos a tolerar ni un despido m\u00e1s\u201d, agregaron.<\/p>\n<p><img loading=\"lazy\" decoding=\"async\" class=\"aligncenter size-full wp-image-10260\" src=\"http:\/\/www.atecordoba.org\/wp-content\/uploads\/2018\/08\/WhatsApp-Image-2018-08-14-at-13.47.09-e1534267327679.jpeg\" alt=\"\" width=\"550\" height=\"330\"><\/p>\n<p>La asamblea resolvi\u00f3 convocar a una pr\u00f3xima reuni\u00f3n multisectorial para evaluar medidas conjuntas, en tanto se desarrolla el plan de lucha de ATE, e hicieron responsables de la situaci\u00f3n \u201cal Presidente Mauricio Macri, al ministro de Agroindustria Luis Miguel Etchevehere, al secretario Santiago Hardie y al coordinador Juan Pablo Vecchi, por llevar adelante una pol\u00edtica de destrucci\u00f3n del Estado Nacional y de dejar a miles de trabajadores en la calle\u201d.<\/p>\n<p>Cierra el comunicado reclamando la reincorporaci\u00f3n de todos los despedidos y el fin de los despidos en el Estado. En la oportunidad, estuvieron presentes para dar apoyo al conflicto la &nbsp;Asamblea de Ciencia y T\u00e9cnica, los sindicatos APINTA, SURRBAC, Luz y Fuerza,&nbsp; Sindicato de Atenci\u00f3n Telef\u00f3nica, STIA, APN, trabajadores de la UNC, sindicato de m\u00fasicos, CTEP y compa\u00f1eros de ATE de SENASA e INTA; tambi\u00e9n se cont\u00f3 con la participaci\u00f3n del recientemente electo secretario General de CTA Aut\u00f3noma, Federico Giuliani, junto miembros de la CGT y a organizaciones de la Agricultura Familiar.<\/p>\n<p><strong>Paro nacional<\/strong><\/p>\n<p style=\"font-weight: 400;\">Las medidas de fuerza se replicaron en todas las dependencias de la SsAF en el resto del pa\u00eds, a partir de la resoluci\u00f3n de las asambleas de trabajadoras y trabajadores, en defensa de los puestos de trabajo, contra el ajuste y el desguace de un sector crucial para los peque\u00f1os campesinos y productores agropecuarios.<\/p>\n<p style=\"font-weight: 400;\">\u201cLas autoridades de Agroindustria con su ministro Etchevere y sus secuaces de la bicicleta financiera y la usura vienen haciendo o\u00eddos sordos a las necesidades del sector. Entre otras medidas, acaban de eliminar el Monotributo Social Agropecuario\u201d, denunciaron.<\/p>\n<p style=\"font-weight: 400;\">Tambi\u00e9n manifestaron que en las provincias las trabajadoras y trabajdores est\u00e1n viviendo horas de mucha angustia e incertidumbre: \u201cEn algunas regionales los coordinadores no aparecen y donde s\u00ed dan la cara cuentan que desde el Ministerio les piden listas de trabajadores prescindibles, que algunos ya las han hecho y que otros no las quieren dar; que el ajuste es un hecho, y que el n\u00famero ser\u00eda el que circula, 600 t\u00e9cnicos y t\u00e9cnicas en la SAF, pero que tambi\u00e9n habr\u00eda despidos en otras \u00e1reas de Agroindustria\u201d, se\u00f1alaron.<\/p>\n<p style=\"font-weight: 400;\">El viernes pasado, el ministro de Agroindustria de la Naci\u00f3n, Luis Miguel Etchevehere, y el secretario de Agricultura Familiar, Coordinaci\u00f3n y Desarrollo Territorial, Santiago Hardie, estuvieron en la provincia de Catamarca. Los delegadxs de ATE SAF lograron una reuni\u00f3n con los funcionarios. Melina Zocchi cont\u00f3 cu\u00e1l fue la respuesta ante la preocupaci\u00f3n planteada por lxs trabajadorxs: &#8220;Ellos defendieron el ajuste y repitieron que &#8216;es lo que hay que hacer porque el Estado es una cueva de ladrones&#8217; y que nuestro trabajo es &#8216;un peso fiscal que impide que les llegue la ayuda a los peque\u00f1os productores&#8217;. Esos dichos, adem\u00e1s de ser falsos, son la m\u00e1s clara expresi\u00f3n del desconocimiento y del desprecio que sienten por la agricultura familiar quienes hoy est\u00e1n al frente del organismo nacional&#8221;, denunci\u00f3.<\/p>\n","protected":false},"excerpt":{"rendered":"<p>Las trabajadoras y trabajadores de la Subsecretar\u00eda de Agricultura Familiar de la Naci\u00f3n se encuentran en estado de asamblea permanente y movilizaci\u00f3n sobre la decisi\u00f3n del Ministerio de Agroindustria de reducir la planta de personal t\u00e9cnico en un 60%. El paro de ATE se cumpli\u00f3 en todo el pa\u00eds.&nbsp; &nbsp; En el marco del paro [&hellip;]<\/p>\n","protected":false},"author":1,"featured_media":19220,"comment_status":"open","ping_status":"open","sticky":false,"template":"","format":"standard","meta":{"_exactmetrics_skip_tracking":false,"_exactmetrics_sitenote_active":false,"_exactmetrics_sitenote_note":"","_exactmetrics_sitenote_category":0,"jnews-multi-image_gallery":[],"jnews_single_post":[],"jnews_primary_category":[],"jnews_social_meta":[],"jnews_review":[],"enable_review":"","type":"","name":"","summary":"","brand":"","sku":"","good":[],"bad":[],"score_override":"","override_value":"","rating":[],"price":[],"jnews_override_counter":[],"jnews_post_split":[],"footnotes":""},"categories":[16],"tags":[],"class_list":["post-10259","post","type-post","status-publish","format-standard","has-post-thumbnail","hentry","category-saf"],"jetpack_featured_media_url":"https:\/\/atecordoba.org\/wp-content\/uploads\/2020\/05\/logo-nuevochico-e1561581322808.png","_links":{"self":[{"href":"https:\/\/atecordoba.org\/index.php?rest_route=\/wp\/v2\/posts\/10259","targetHints":{"allow":["GET"]}}],"collection":[{"href":"https:\/\/atecordoba.org\/index.php?rest_route=\/wp\/v2\/posts"}],"about":[{"href":"https:\/\/atecordoba.org\/index.php?rest_route=\/wp\/v2\/types\/post"}],"author":[{"embeddable":true,"href":"https:\/\/atecordoba.org\/index.php?rest_route=\/wp\/v2\/users\/1"}],"replies":[{"embeddable":true,"href":"https:\/\/atecordoba.org\/index.php?rest_route=%2Fwp%2Fv2%2Fcomments&post=10259"}],"version-history":[{"count":0,"href":"https:\/\/atecordoba.org\/index.php?rest_route=\/wp\/v2\/posts\/10259\/revisions"}],"wp:featuredmedia":[{"embeddable":true,"href":"https:\/\/atecordoba.org\/index.php?rest_route=\/wp\/v2\/media\/19220"}],"wp:attachment":[{"href":"https:\/\/atecordoba.org\/index.php?rest_route=%2Fwp%2Fv2%2Fmedia&parent=10259"}],"wp:term":[{"taxonomy":"category","embeddable":true,"href":"https:\/\/atecordoba.org\/index.php?rest_route=%2Fwp%2Fv2%2Fcategories&post=10259"},{"taxonomy":"post_tag","embeddable":true,"href":"https:\/\/atecordoba.org\/index.php?rest_route=%2Fwp%2Fv2%2Ftags&post=10259"}],"curies":[{"name":"wp","href":"https:\/\/api.w.org\/{rel}","templated":true}]}}