{"id":1025,"date":"2010-12-09T03:12:01","date_gmt":"2010-12-09T06:12:01","guid":{"rendered":"http:\/\/www.atecordoba.org\/?p=1025"},"modified":"2010-12-09T03:12:01","modified_gmt":"2010-12-09T06:12:01","slug":"cada-vez-que-votamos-ganamos","status":"publish","type":"post","link":"https:\/\/atecordoba.org\/?p=1025","title":{"rendered":"Cada vez que votamos, ganamos"},"content":{"rendered":"<div>\n<div dir=\"ltr\">\n<p style=\"text-align: justify;\"><strong>9 de diciembre de 2010 por Pipon Giuliani<\/strong><\/p>\n<p style=\"text-align: justify;\"><strong>Por diecis\u00e9is votos a quince la Comisi\u00f3n Ejecutiva de la CTA Nacional impugn\u00f3 esta ma\u00f1ana el orden del d\u00eda que propon\u00eda tratar la convocatoria a elecciones complementarias el 17 de marzo de 2011 y, en cambio, ratific\u00f3 la validez de los comicios que se est\u00e1n llevando a cabo hoy en las provincias de Mendoza, Misiones y Tucum\u00e1n, en el distrito bonaerense de Esteban Echeverr\u00eda-Ezeiza, en una urna de la ciudad de Mar del Plata y en otras cuarenta y seis urnas de las provincias de Catamarca (5); San Juan (12); Jujuy (3); Salta (11); Santiago del Estero (5); C\u00f3rdoba (6) y Santa Fe (4).<\/strong><\/p>\n<\/div>\n<\/div>\n<div>\n<div dir=\"ltr\">\n<p style=\"text-align: justify;\">Como viene ocurriendo desde el 23 de septiembre, fecha de las elecciones nacionales de la CTA, cada vez que una diferencia en la Central tuvo que definirse a trav\u00e9s del voto, la Lista 1 Germ\u00e1n Abdala ratific\u00f3 hoy esa supremac\u00eda y, de paso, desbarat\u00f3 una nueva maniobra dilatoria perge\u00f1ada por el interventor impuesto por el Ministerio de Trabajo, Hugo Yasky, que pretend\u00eda patear la pelota hasta marzo del a\u00f1o que viene.<\/p>\n<p style=\"text-align: justify;\">En una tensa y breve reuni\u00f3n realizada entre las 11.00 y hasta poco despu\u00e9s de las 11.30 en la sede nacional de la CTA en la calle Piedras 1065, la Comisi\u00f3n Ejecutiva Nacional cuyo mandato expir\u00f3 el 30 de septiembre -y que fuera prorrogado por el ministro de Trabajo, Carlos Tomada- aprob\u00f3 por mayor\u00eda ratificar la pertinencia de las elecciones complementarias dispuesta en la anterior reuni\u00f3n del 25 de noviembre a la que no asisti\u00f3 la Lista 10 pese a haber sido convocada por Yasky, oportunidad en la que 17 intregrantes presentes identificados con la Lista 1 suscribieron ante escribana p\u00fablica nacional la convocatoria a comicios complementarios para el 9 de diciembre, tal cual lo recomendaba el Tribunal Arbitral de Diferendos Electorales.<\/p>\n<p style=\"text-align: justify;\">El inicio del encuentro estuvo a cargo de Yasky quien, de inmediato, le cedi\u00f3 la palabra a Pedro Wasiejko, secretario adjunto de la anterior conducci\u00f3n de la CTA y su compa\u00f1ero de f\u00f3rmula en la Lista 10 en las elecciones del 23 de septiembre que ganara la Lista 1 por m\u00e1s de 18.000 votos. Wasiejko se limit\u00f3 a leer la convocatoria a la reuni\u00f3n de hoy realizada, igual que la del 25 de noviembre, a trav\u00e9s de carta documento y de solicitada publicada por el diario P\u00e1gina\/12. El eje central de la convocatoria era considerar la realizaci\u00f3n de las elecciones complementarias el 17 de marzo del pr\u00f3ximo a\u00f1o.<\/p>\n<p style=\"text-align: justify;\">Posteriormente, Juan Carlos Giuliani, secretario de Comunicaci\u00f3n y Difusi\u00f3n de la conducci\u00f3n anterior y secretario de Relaciones Institucionales electo el 23 de septiembre por la Lista 1 pidi\u00f3 la palabra y dio lectura a la carta documento remitida a Hugo Yasky por los integrantes de la Agrupaci\u00f3n Germ\u00e1n Abdala que ostentan cargos institucionales en la Comisi\u00f3n Ejecutiva Nacional con mandato prorrogado. El texto impugna el orden del d\u00eda y desconoce y responde los considerandos de la convocatoria.<\/p>\n<p style=\"text-align: justify;\">As\u00ed las cosas, Yasky pidi\u00f3 la palabra y propuso votar si se estaba de acuerdo con que se convocara a elecciones complementarias en marzo de 2001, alegando que de esa manera se preservaba la unidad institucional de la Central. A\u00f1adi\u00f3 que despu\u00e9s de recibir las notificaciones de miembros de la conducci\u00f3n nacional anterior pertenecientes a la Germ\u00e1n Abdala impugnando la convocatoria, no cre\u00eda que concurrieran hoy al encuentro.<\/p>\n<p style=\"text-align: justify;\">A rengl\u00f3n seguido Pablo Micheli, secretario adjunto de la anterior conducci\u00f3n y secretario general electo el 23 de septiembre respondi\u00f3 de manera clara y firme que no importaba lo que \u00e9l creyera, que lo cierto es que estaban all\u00ed presentes, que no cre\u00eda en esa vocaci\u00f3n de unidad, que no hab\u00eda posibilidad de retorno con quien tanto da\u00f1o hab\u00eda causado a la Central con sus denuncias de fraude, que era totalmente v\u00e1lida la convocatoria a elecciones para el 9 de diciembre y que en la CTA, desde siempre, hemos apelado al voto de los trabajadores para dirimir nuestras diferencias y que eso se estaba haciendo hoy en gran parte del pa\u00eds.<\/p>\n<p style=\"text-align: justify;\">V\u00edctor De Gennaro, secretario de Relaciones Institucionales de la anterior conducci\u00f3n apoy\u00f3 la moci\u00f3n de Micheli de impugnar la convocatoria a elecciones en marzo del a\u00f1o que viene y ratificar los comicios que se est\u00e1n llevando a cabo hoy desde las 8.00 y hasta las 18.00 y pidi\u00f3 votaci\u00f3n nominal de esa propuesta. Todo lo cual qued\u00f3 asentado en acta por los dos escribanos presentes, uno en representaci\u00f3n de los integrantes de la Lista 1 y otro de la Lista 10.<\/p>\n<p style=\"text-align: justify;\">As\u00ed las cosas se puso a consideraci\u00f3n las dos mociones. La propuesta de Micheli de desconocer el orden del d\u00eda y la convocatoria a elecciones en marzo y respaldar la validez de los comicios de este 9 de diciembre fue votada a favor nominalmente por 16 dirigentes. A saber: Micheli, De Gennaro, Giuliani, Ricardo Peidro, V\u00edctor Mendibil, Adolfo Aguirre, Lidia Meza, Claudio Lozano, Carlos Ferreres, Silvia Le\u00f3n, Elido Veschi, Horacio Fern\u00e1ndez, Elsa Picado, Alejandra Angriman, Jorge Kabkowski y Daniel Jorajur\u00eda.<\/p>\n<p style=\"text-align: justify;\">La propuesta de Yasky, en cambio, consech\u00f3 s\u00f3lo 15 votos. Todo este procedimiento fue refrendado por los dos escribanos presentes en el Sal\u00f3n Azul de la CTA.<\/p>\n<p style=\"text-align: justify;\">\u00c9se fue el tr\u00e1mite de la reuni\u00f3n. La Lista 1 volvi\u00f3 a demostrar que es mayor\u00eda en el seno de nuestra Central defendiendo el voto de nuestros compa\u00f1eros que el 23 de septiembre y hoy volver\u00e1n a definir la conducci\u00f3n de la CTA. Le guste a quien le guste, le pese a quien le pese, as\u00ed son las cosas.<\/p>\n<\/div>\n<\/div>\n","protected":false},"excerpt":{"rendered":"<p>9 de diciembre de 2010 por Pipon Giuliani Por diecis\u00e9is votos a quince la Comisi\u00f3n Ejecutiva de la CTA Nacional impugn\u00f3 esta ma\u00f1ana el orden del d\u00eda que propon\u00eda tratar la convocatoria a elecciones complementarias el 17 de marzo de 2011 y, en cambio, ratific\u00f3 la validez de los comicios que se est\u00e1n llevando a [&hellip;]<\/p>\n","protected":false},"author":1,"featured_media":19220,"comment_status":"open","ping_status":"open","sticky":false,"template":"","format":"standard","meta":{"_exactmetrics_skip_tracking":false,"_exactmetrics_sitenote_active":false,"_exactmetrics_sitenote_note":"","_exactmetrics_sitenote_category":0,"jnews-multi-image_gallery":[],"jnews_single_post":[],"jnews_primary_category":[],"jnews_social_meta":[],"jnews_review":[],"enable_review":"","type":"","name":"","summary":"","brand":"","sku":"","good":[],"bad":[],"score_override":"","override_value":"","rating":[],"price":[],"jnews_override_counter":[],"jnews_post_split":[],"footnotes":""},"categories":[18],"tags":[47,29,11,37],"class_list":["post-1025","post","type-post","status-publish","format-standard","has-post-thumbnail","hentry","category-nacionales","tag-elecciones","tag-nacionales-2","tag-noticias-2","tag-sta"],"jetpack_featured_media_url":"https:\/\/atecordoba.org\/wp-content\/uploads\/2020\/05\/logo-nuevochico-e1561581322808.png","_links":{"self":[{"href":"https:\/\/atecordoba.org\/index.php?rest_route=\/wp\/v2\/posts\/1025","targetHints":{"allow":["GET"]}}],"collection":[{"href":"https:\/\/atecordoba.org\/index.php?rest_route=\/wp\/v2\/posts"}],"about":[{"href":"https:\/\/atecordoba.org\/index.php?rest_route=\/wp\/v2\/types\/post"}],"author":[{"embeddable":true,"href":"https:\/\/atecordoba.org\/index.php?rest_route=\/wp\/v2\/users\/1"}],"replies":[{"embeddable":true,"href":"https:\/\/atecordoba.org\/index.php?rest_route=%2Fwp%2Fv2%2Fcomments&post=1025"}],"version-history":[{"count":0,"href":"https:\/\/atecordoba.org\/index.php?rest_route=\/wp\/v2\/posts\/1025\/revisions"}],"wp:featuredmedia":[{"embeddable":true,"href":"https:\/\/atecordoba.org\/index.php?rest_route=\/wp\/v2\/media\/19220"}],"wp:attachment":[{"href":"https:\/\/atecordoba.org\/index.php?rest_route=%2Fwp%2Fv2%2Fmedia&parent=1025"}],"wp:term":[{"taxonomy":"category","embeddable":true,"href":"https:\/\/atecordoba.org\/index.php?rest_route=%2Fwp%2Fv2%2Fcategories&post=1025"},{"taxonomy":"post_tag","embeddable":true,"href":"https:\/\/atecordoba.org\/index.php?rest_route=%2Fwp%2Fv2%2Ftags&post=1025"}],"curies":[{"name":"wp","href":"https:\/\/api.w.org\/{rel}","templated":true}]}}