{"id":10240,"date":"2018-08-13T10:36:59","date_gmt":"2018-08-13T13:36:59","guid":{"rendered":"http:\/\/www.atecordoba.org\/?p=10240"},"modified":"2018-08-13T10:36:59","modified_gmt":"2018-08-13T13:36:59","slug":"protesta-en-la-ssaf","status":"publish","type":"post","link":"https:\/\/atecordoba.org\/?p=10240","title":{"rendered":"Protesta en Agricultura Familiar"},"content":{"rendered":"<p><em>Ante la profundizaci\u00f3n de las medidas de ajuste en el sector, ATE convoca a movilizar al frente del organismo en defensa de los puestos de trabajo.&nbsp;<\/em><\/p>\n<p><img loading=\"lazy\" decoding=\"async\" class=\"aligncenter size-full wp-image-10242\" src=\"http:\/\/www.atecordoba.org\/wp-content\/uploads\/2018\/08\/saf-e1534166770151.jpg\" alt=\"\" width=\"550\" height=\"417\"><\/p>\n<p>Frente a las versiones sobre nuevas medidas de ajuste que profundizan el vaciamiento de la Subsecretar\u00eda de Agricultura Familiar de la Naci\u00f3n, dependiente del Ministerio de Agroindustria que se ocupa de asesorar a peque\u00f1os productores rurales, los trabajadores convocan a una protesta frente a las oficinas del&nbsp;organismo, a los fines de expresar el repudio a la pol\u00edtica que lleva adelante la gesti\u00f3n de Mauricio Macri y su ministro Luis Etchevere, ex presidente de la Sociedad Rural.<\/p>\n<p>Los delegados expresaron que &#8220;no solo se trata de una pol\u00edtica contra los trabajadores estatales sino tambi\u00e9n contra los propios productores rurales que no entran en el agronegocio. Se trata de aquellos productores que garantizan alimentos frescos para los grandes centros urbanos y que este gobierno quiere hacer desaparecer para que el mercado de alimentos se concentre cada vez m\u00e1s&#8221;, expresaron en la convocatoria.&nbsp;<\/p>\n<p>La SsAF es uno de los organismos que sufre el ajuste permanente del gobierno desde hace dos a\u00f1os y que tiene m\u00e1s compa\u00f1eros despedidos. ATE reclama la reincorporaci\u00f3n de todos los puestos de trabajo.&nbsp;<\/p>\n<p>La convocatoria es ma\u00f1ana martes 14 de agosto,&nbsp;a las 10 horas, en&nbsp;Luis Braile 2036 (b\u00ba Maip\u00fa).<\/p>\n","protected":false},"excerpt":{"rendered":"<p>Ante la profundizaci\u00f3n de las medidas de ajuste en el sector, ATE convoca a movilizar al frente del organismo en defensa de los puestos de trabajo.&nbsp; Frente a las versiones sobre nuevas medidas de ajuste que profundizan el vaciamiento de la Subsecretar\u00eda de Agricultura Familiar de la Naci\u00f3n, dependiente del Ministerio de Agroindustria que se [&hellip;]<\/p>\n","protected":false},"author":1,"featured_media":19220,"comment_status":"open","ping_status":"open","sticky":false,"template":"","format":"standard","meta":{"_exactmetrics_skip_tracking":false,"_exactmetrics_sitenote_active":false,"_exactmetrics_sitenote_note":"","_exactmetrics_sitenote_category":0,"jnews-multi-image_gallery":[],"jnews_single_post":[],"jnews_primary_category":[],"jnews_social_meta":[],"jnews_review":[],"enable_review":"","type":"","name":"","summary":"","brand":"","sku":"","good":[],"bad":[],"score_override":"","override_value":"","rating":[],"price":[],"jnews_override_counter":[],"jnews_post_split":[],"footnotes":""},"categories":[16],"tags":[],"class_list":["post-10240","post","type-post","status-publish","format-standard","has-post-thumbnail","hentry","category-saf"],"jetpack_featured_media_url":"https:\/\/atecordoba.org\/wp-content\/uploads\/2020\/05\/logo-nuevochico-e1561581322808.png","_links":{"self":[{"href":"https:\/\/atecordoba.org\/index.php?rest_route=\/wp\/v2\/posts\/10240","targetHints":{"allow":["GET"]}}],"collection":[{"href":"https:\/\/atecordoba.org\/index.php?rest_route=\/wp\/v2\/posts"}],"about":[{"href":"https:\/\/atecordoba.org\/index.php?rest_route=\/wp\/v2\/types\/post"}],"author":[{"embeddable":true,"href":"https:\/\/atecordoba.org\/index.php?rest_route=\/wp\/v2\/users\/1"}],"replies":[{"embeddable":true,"href":"https:\/\/atecordoba.org\/index.php?rest_route=%2Fwp%2Fv2%2Fcomments&post=10240"}],"version-history":[{"count":0,"href":"https:\/\/atecordoba.org\/index.php?rest_route=\/wp\/v2\/posts\/10240\/revisions"}],"wp:featuredmedia":[{"embeddable":true,"href":"https:\/\/atecordoba.org\/index.php?rest_route=\/wp\/v2\/media\/19220"}],"wp:attachment":[{"href":"https:\/\/atecordoba.org\/index.php?rest_route=%2Fwp%2Fv2%2Fmedia&parent=10240"}],"wp:term":[{"taxonomy":"category","embeddable":true,"href":"https:\/\/atecordoba.org\/index.php?rest_route=%2Fwp%2Fv2%2Fcategories&post=10240"},{"taxonomy":"post_tag","embeddable":true,"href":"https:\/\/atecordoba.org\/index.php?rest_route=%2Fwp%2Fv2%2Ftags&post=10240"}],"curies":[{"name":"wp","href":"https:\/\/api.w.org\/{rel}","templated":true}]}}