{"id":10236,"date":"2018-08-10T15:41:04","date_gmt":"2018-08-10T18:41:04","guid":{"rendered":"http:\/\/www.atecordoba.org\/?p=10236"},"modified":"2018-08-10T15:41:04","modified_gmt":"2018-08-10T18:41:04","slug":"protesta-frente-al-ministerio-de-justicia-por-el-102","status":"publish","type":"post","link":"https:\/\/atecordoba.org\/?p=10236","title":{"rendered":"Protesta frente al Ministerio de Justicia por el 102"},"content":{"rendered":"<p><em>Dirigentes y activistas de ATE &nbsp;se manifestaron ante la oficina del servicio telef\u00f3nico 102, de recepci\u00f3n de &nbsp;denuncias por violencia a menores de la Senaf, contra la persecuci\u00f3n a los delegados de ATE y por las penosas condiciones de trabajo del sector.<\/em><\/p>\n<p><img loading=\"lazy\" decoding=\"async\" class=\"aligncenter size-full wp-image-10238\" src=\"http:\/\/www.atecordoba.org\/wp-content\/uploads\/2018\/08\/WhatsApp-Image-2018-08-10-at-13.23.11-e1533926433556.jpeg\" alt=\"\" width=\"550\" height=\"413\"><\/p>\n<p>En la oportunidad se manifestaron compa\u00f1eros de ATE del cuerpo de delegados e integrantes de la conducci\u00f3n del CDP, encabezados por el secretario Gremial &nbsp;Diego Guerra y los delegados del sector Humberto Cabral y Romina Espinosa.<\/p>\n<p>Denunciaron la persecuci\u00f3n que las autoridades de la dependencia imponen a los delegados de ATE, traslad\u00e1ndolos e3 impidiendo ejercer la representaci\u00f3n gremial de los trabajadores del sector, en una medida ilegal y discriminatoria.<\/p>\n<p>Adem\u00e1s, se manifestaron denunciando a las grav\u00edsimas condiciones de trabajo en la oficina donde se instal\u00f3 la dependencia: un garaje donde los box de atenci\u00f3n telef\u00f3nica no cumplen con los requerimientos t\u00e9cnicos, en un lugar con techos bajos, espacio sofocante, sin preparaci\u00f3n ac\u00fastica para que no se afecte la salud de los trabajadores.<\/p>\n<p>Se reclam\u00f3 que un servicio tan sensible para la comunidad re\u00fana las condiciones necesarias para poder atender correctamente la demanda.<\/p>\n<p>&nbsp;<\/p>\n<p>&nbsp;<\/p>\n<p>&nbsp;<\/p>\n","protected":false},"excerpt":{"rendered":"<p>Dirigentes y activistas de ATE &nbsp;se manifestaron ante la oficina del servicio telef\u00f3nico 102, de recepci\u00f3n de &nbsp;denuncias por violencia a menores de la Senaf, contra la persecuci\u00f3n a los delegados de ATE y por las penosas condiciones de trabajo del sector. En la oportunidad se manifestaron compa\u00f1eros de ATE del cuerpo de delegados e [&hellip;]<\/p>\n","protected":false},"author":1,"featured_media":19220,"comment_status":"open","ping_status":"open","sticky":false,"template":"","format":"standard","meta":{"_exactmetrics_skip_tracking":false,"_exactmetrics_sitenote_active":false,"_exactmetrics_sitenote_note":"","_exactmetrics_sitenote_category":0,"jnews-multi-image_gallery":[],"jnews_single_post":[],"jnews_primary_category":[],"jnews_social_meta":[],"jnews_review":[],"enable_review":"","type":"","name":"","summary":"","brand":"","sku":"","good":[],"bad":[],"score_override":"","override_value":"","rating":[],"price":[],"jnews_override_counter":[],"jnews_post_split":[],"footnotes":""},"categories":[97],"tags":[],"class_list":["post-10236","post","type-post","status-publish","format-standard","has-post-thumbnail","hentry","category-senaf"],"jetpack_featured_media_url":"https:\/\/atecordoba.org\/wp-content\/uploads\/2020\/05\/logo-nuevochico-e1561581322808.png","_links":{"self":[{"href":"https:\/\/atecordoba.org\/index.php?rest_route=\/wp\/v2\/posts\/10236","targetHints":{"allow":["GET"]}}],"collection":[{"href":"https:\/\/atecordoba.org\/index.php?rest_route=\/wp\/v2\/posts"}],"about":[{"href":"https:\/\/atecordoba.org\/index.php?rest_route=\/wp\/v2\/types\/post"}],"author":[{"embeddable":true,"href":"https:\/\/atecordoba.org\/index.php?rest_route=\/wp\/v2\/users\/1"}],"replies":[{"embeddable":true,"href":"https:\/\/atecordoba.org\/index.php?rest_route=%2Fwp%2Fv2%2Fcomments&post=10236"}],"version-history":[{"count":0,"href":"https:\/\/atecordoba.org\/index.php?rest_route=\/wp\/v2\/posts\/10236\/revisions"}],"wp:featuredmedia":[{"embeddable":true,"href":"https:\/\/atecordoba.org\/index.php?rest_route=\/wp\/v2\/media\/19220"}],"wp:attachment":[{"href":"https:\/\/atecordoba.org\/index.php?rest_route=%2Fwp%2Fv2%2Fmedia&parent=10236"}],"wp:term":[{"taxonomy":"category","embeddable":true,"href":"https:\/\/atecordoba.org\/index.php?rest_route=%2Fwp%2Fv2%2Fcategories&post=10236"},{"taxonomy":"post_tag","embeddable":true,"href":"https:\/\/atecordoba.org\/index.php?rest_route=%2Fwp%2Fv2%2Ftags&post=10236"}],"curies":[{"name":"wp","href":"https:\/\/api.w.org\/{rel}","templated":true}]}}