{"id":10226,"date":"2018-08-10T12:04:14","date_gmt":"2018-08-10T15:04:14","guid":{"rendered":"http:\/\/www.atecordoba.org\/?p=10226"},"modified":"2018-08-10T12:04:14","modified_gmt":"2018-08-10T15:04:14","slug":"elecciones-de-cta-a-la-agrupacion-german-abdala-se-impuso-en-cordoba-y-en-todo-el-pais","status":"publish","type":"post","link":"https:\/\/atecordoba.org\/?p=10226","title":{"rendered":"Elecciones de CTA-A: la Agrupaci\u00f3n Germ\u00e1n Abdala se impuso en C\u00f3rdoba y en todo el pa\u00eds"},"content":{"rendered":"<p><em>Con la participaci\u00f3n de 240 mil afiliados, se renovaron 15 mil cargos de conducci\u00f3n en todo el pa\u00eds. En C\u00f3rdoba gan\u00f3 la Lista 1 que encabez\u00f3 Federico Giuliani.<\/em><\/p>\n<figure id=\"attachment_10227\" aria-describedby=\"caption-attachment-10227\" style=\"width: 550px\" class=\"wp-caption aligncenter\"><img loading=\"lazy\" decoding=\"async\" class=\"wp-image-10227 size-full\" src=\"http:\/\/www.atecordoba.org\/wp-content\/uploads\/2018\/08\/38764124_10156558319134805_546804527110553600_o-e1533912856265.jpg\" alt=\"\" width=\"550\" height=\"310\"><figcaption id=\"caption-attachment-10227\" class=\"wp-caption-text\">Diego Guerra (izquierda), triunfador en la Regional C\u00f3rdoba, y Federico Giuliani, en la Provincia.<\/figcaption><\/figure>\n<p>En una jornada de absoluta tranquilidad, el pasado mi\u00e9rcoles 8 de agosto se realiz\u00f3 la elecci\u00f3n de autoridades de la CTA Aut\u00f3noma. Miles de trabajadores en todo el pa\u00eds participaron de una verdadera fiesta de la democracia, donde se convalid\u00f3 un modelo de construcci\u00f3n sindical democr\u00e1tico y participativo, a trav\u00e9s del &nbsp;voto directo y secreto de los afiliados.<\/p>\n<figure id=\"attachment_10231\" aria-describedby=\"caption-attachment-10231\" style=\"width: 550px\" class=\"wp-caption aligncenter\"><img loading=\"lazy\" decoding=\"async\" class=\"wp-image-10231 size-full\" src=\"http:\/\/www.atecordoba.org\/wp-content\/uploads\/2018\/08\/peidro-e1533913044317.jpg\" alt=\"\" width=\"550\" height=\"413\"><figcaption id=\"caption-attachment-10231\" class=\"wp-caption-text\">Ricardo Peidr\u00f3, nuevo secretario General nacional.<\/figcaption><\/figure>\n<p>&nbsp;<\/p>\n<p>A nivel nacional se impuso por amplio margen la Agrupaci\u00f3n German Abdala y resultaron electos Ricardo Peidr\u00f3 (del gremio de visitadores m\u00e9dicos), como secretario General, y Hugo Godoy (ATE), como secretario Adjunto.<\/p>\n<figure id=\"attachment_10228\" aria-describedby=\"caption-attachment-10228\" style=\"width: 350px\" class=\"wp-caption alignright\"><img loading=\"lazy\" decoding=\"async\" class=\"wp-image-10228 size-full\" src=\"http:\/\/www.atecordoba.org\/wp-content\/uploads\/2018\/08\/godoy-e1533913015766.jpg\" alt=\"\" width=\"350\" height=\"263\"><figcaption id=\"caption-attachment-10228\" class=\"wp-caption-text\">Hugo Cachorro Godoy, secretario Adjunto electo.<\/figcaption><\/figure>\n<p>En C\u00f3rdoba, triunf\u00f3 la lista N\u00ba1 en toda la provincia, encabezada por Federico Giuliani, que proviene de ATE R\u00edo Cuarto. En tanto en las regionales fueron electos Diego Guerra, en la Regional C\u00f3rdoba, Antonio Muratore, San Francisco, Gustavo Vilchez, Villa Mar\u00eda, Damian Albornoz, Rio Tercero, y Silvia Alcoba, en R\u00edo Cuarto.<\/p>\n<p>El Ministerio de Trabajo intent\u00f3 entorpecer la jornada electoral con una resoluci\u00f3n que suspend\u00eda la elecci\u00f3n, pero eso no impidi\u00f3 la participaci\u00f3n de los compa\u00f1eros.<\/p>\n<p>La intervenci\u00f3n maliciosa del ministro Jorge Triaca desat\u00f3 el repudio in\u00e1nime de todos los sectores de la Central, as\u00ed como de los observadores internacionales y los delegados en Argentina de la OIT, que a trav\u00e9s de su departamento de Libertad Sindical, respald\u00f3 la elecci\u00f3n.<\/p>\n<p>Ahora, al margen de las cuestiones administrativas que se discutir\u00e1n en la cartera laboral y la Justicia, en \u00faltima instancia, los trabajadores dieron un fuerte respaldo a la continuidad de la Central como herramienta del movimiento obrero organizado, acto destacable en momentos de una terrible crisis econ\u00f3mica, social y laboral que afecta al pueblo argentino, como resultado de las pol\u00edticas que aplica el gobierno de Mauricio Macri.<\/p>\n<figure id=\"attachment_10232\" aria-describedby=\"caption-attachment-10232\" style=\"width: 550px\" class=\"wp-caption aligncenter\"><img loading=\"lazy\" decoding=\"async\" class=\"wp-image-10232 size-full\" src=\"http:\/\/www.atecordoba.org\/wp-content\/uploads\/2018\/08\/silvia-alcoba-e1533913186333.jpg\" alt=\"\" width=\"550\" height=\"366\"><figcaption id=\"caption-attachment-10232\" class=\"wp-caption-text\">Con pechera de la CTA, Silvia Alcoba electa para la Regional R\u00edo Cuarto<\/figcaption><\/figure>\n<figure id=\"attachment_10229\" aria-describedby=\"caption-attachment-10229\" style=\"width: 400px\" class=\"wp-caption aligncenter\"><img loading=\"lazy\" decoding=\"async\" class=\"wp-image-10229 size-full\" src=\"http:\/\/www.atecordoba.org\/wp-content\/uploads\/2018\/08\/gustavo-vilchez-e1533913272914.jpg\" alt=\"\" width=\"400\" height=\"750\"><figcaption id=\"caption-attachment-10229\" class=\"wp-caption-text\">Gustavo Vilchez, nuevo secretario General de la Regional Villa Mar\u00eda.<\/figcaption><\/figure>\n<figure id=\"attachment_10230\" aria-describedby=\"caption-attachment-10230\" style=\"width: 364px\" class=\"wp-caption aligncenter\"><img loading=\"lazy\" decoding=\"async\" class=\"wp-image-10230 size-full\" src=\"http:\/\/www.atecordoba.org\/wp-content\/uploads\/2018\/08\/muratone.jpg\" alt=\"\" width=\"364\" height=\"596\"><figcaption id=\"caption-attachment-10230\" class=\"wp-caption-text\">Antonio Muratore, electo por San Francisco.<\/figcaption><\/figure>\n<figure id=\"attachment_10233\" aria-describedby=\"caption-attachment-10233\" style=\"width: 550px\" class=\"wp-caption aligncenter\"><img loading=\"lazy\" decoding=\"async\" class=\"wp-image-10233 size-full\" src=\"http:\/\/www.atecordoba.org\/wp-content\/uploads\/2018\/08\/albornoz-e1533913403613.jpg\" alt=\"\" width=\"550\" height=\"309\"><figcaption id=\"caption-attachment-10233\" class=\"wp-caption-text\">Damian Albornoz, de la Regional R\u00edoTercero<\/figcaption><\/figure>\n","protected":false},"excerpt":{"rendered":"<p>Con la participaci\u00f3n de 240 mil afiliados, se renovaron 15 mil cargos de conducci\u00f3n en todo el pa\u00eds. En C\u00f3rdoba gan\u00f3 la Lista 1 que encabez\u00f3 Federico Giuliani. En una jornada de absoluta tranquilidad, el pasado mi\u00e9rcoles 8 de agosto se realiz\u00f3 la elecci\u00f3n de autoridades de la CTA Aut\u00f3noma. Miles de trabajadores en todo [&hellip;]<\/p>\n","protected":false},"author":1,"featured_media":19220,"comment_status":"open","ping_status":"open","sticky":false,"template":"","format":"standard","meta":{"_exactmetrics_skip_tracking":false,"_exactmetrics_sitenote_active":false,"_exactmetrics_sitenote_note":"","_exactmetrics_sitenote_category":0,"jnews-multi-image_gallery":[],"jnews_single_post":[],"jnews_primary_category":[],"jnews_social_meta":[],"jnews_review":[],"enable_review":"","type":"","name":"","summary":"","brand":"","sku":"","good":[],"bad":[],"score_override":"","override_value":"","rating":[],"price":[],"jnews_override_counter":[],"jnews_post_split":[],"footnotes":""},"categories":[92],"tags":[],"class_list":["post-10226","post","type-post","status-publish","format-standard","has-post-thumbnail","hentry","category-cta"],"jetpack_featured_media_url":"https:\/\/atecordoba.org\/wp-content\/uploads\/2020\/05\/logo-nuevochico-e1561581322808.png","_links":{"self":[{"href":"https:\/\/atecordoba.org\/index.php?rest_route=\/wp\/v2\/posts\/10226","targetHints":{"allow":["GET"]}}],"collection":[{"href":"https:\/\/atecordoba.org\/index.php?rest_route=\/wp\/v2\/posts"}],"about":[{"href":"https:\/\/atecordoba.org\/index.php?rest_route=\/wp\/v2\/types\/post"}],"author":[{"embeddable":true,"href":"https:\/\/atecordoba.org\/index.php?rest_route=\/wp\/v2\/users\/1"}],"replies":[{"embeddable":true,"href":"https:\/\/atecordoba.org\/index.php?rest_route=%2Fwp%2Fv2%2Fcomments&post=10226"}],"version-history":[{"count":0,"href":"https:\/\/atecordoba.org\/index.php?rest_route=\/wp\/v2\/posts\/10226\/revisions"}],"wp:featuredmedia":[{"embeddable":true,"href":"https:\/\/atecordoba.org\/index.php?rest_route=\/wp\/v2\/media\/19220"}],"wp:attachment":[{"href":"https:\/\/atecordoba.org\/index.php?rest_route=%2Fwp%2Fv2%2Fmedia&parent=10226"}],"wp:term":[{"taxonomy":"category","embeddable":true,"href":"https:\/\/atecordoba.org\/index.php?rest_route=%2Fwp%2Fv2%2Fcategories&post=10226"},{"taxonomy":"post_tag","embeddable":true,"href":"https:\/\/atecordoba.org\/index.php?rest_route=%2Fwp%2Fv2%2Ftags&post=10226"}],"curies":[{"name":"wp","href":"https:\/\/api.w.org\/{rel}","templated":true}]}}