{"id":10219,"date":"2018-08-07T09:39:01","date_gmt":"2018-08-07T12:39:01","guid":{"rendered":"http:\/\/www.atecordoba.org\/?p=10219"},"modified":"2020-06-09T15:36:31","modified_gmt":"2020-06-09T18:36:31","slug":"se-realizo-un-panuelazo-en-ate-en-apoyo-a-la-legalizacion-del-aborto","status":"publish","type":"post","link":"https:\/\/atecordoba.org\/?p=10219","title":{"rendered":"Se realiz\u00f3 un pa\u00f1uelazo en ATE en apoyo a la legalizaci\u00f3n del aborto"},"content":{"rendered":"<p><em>La actividad se llev\u00f3 a cabo el pasado 31 de marzo en la sede nuestro gremio.<\/em><\/p>\n<p><img loading=\"lazy\" decoding=\"async\" class=\"aligncenter size-full wp-image-10220\" src=\"http:\/\/atecordoba.org\/wp-content\/uploads\/2020\/06\/WhatsApp-Image-2018-08-07-at-08.50.27-e1533645382950.jpg\" alt=\"\" width=\"550\" height=\"309\"><\/p>\n<p>Con la presencia de la secretaria General del Consejo Directivo Provincial, Liliana Salerno, el pasado martes 31 se realiz\u00f3 un pa\u00f1uelazo en la sede de ATE que cont\u00f3 con el acompa\u00f1amiento de la ex legisladora Liliana Olivera o la dirigente de la Agrupaci\u00f3n Mumal\u00e1, Betiana Cabrera, entre otras.&nbsp;<\/p>\n<p><img loading=\"lazy\" decoding=\"async\" class=\"aligncenter size-full wp-image-10221\" src=\"http:\/\/atecordoba.org\/wp-content\/uploads\/2020\/06\/WhatsApp-Image-2018-08-07-at-08.50.40-1-e1533645432458.jpg\" alt=\"\" width=\"550\" height=\"413\"><\/p>\n<p>Se trat\u00f3 de un acto donde las compa\u00f1eras reforzaron el compromiso de ATE para aportar a la campa\u00f1a por la legalizaci\u00f3n del aborto y participar de la vigilia, esperando la aprobaci\u00f3n de la ley en la C\u00e1mara de Senadores de la Naci\u00f3n.&nbsp;<\/p>\n<p><img loading=\"lazy\" decoding=\"async\" class=\"aligncenter size-full wp-image-10222\" src=\"http:\/\/atecordoba.org\/wp-content\/uploads\/2020\/06\/WhatsApp-Image-2018-08-07-at-08.50.39-e1533645462770.jpg\" alt=\"\" width=\"550\" height=\"309\"><\/p>\n<p><img loading=\"lazy\" decoding=\"async\" class=\"aligncenter size-full wp-image-10223\" src=\"http:\/\/atecordoba.org\/wp-content\/uploads\/2020\/06\/WhatsApp-Image-2018-08-07-at-08.50.27-1-e1533645488538.jpg\" alt=\"\" width=\"550\" height=\"309\"><\/p>\n<p><img loading=\"lazy\" decoding=\"async\" class=\"aligncenter size-full wp-image-10224\" src=\"http:\/\/atecordoba.org\/wp-content\/uploads\/2020\/06\/WhatsApp-Image-2018-08-07-at-08.50.40-e1533645509257.jpg\" alt=\"\" width=\"550\" height=\"309\"><\/p>\n<p>&nbsp;<\/p>\n<p>&nbsp;<\/p>\n","protected":false},"excerpt":{"rendered":"<p>La actividad se llev\u00f3 a cabo el pasado 31 de marzo en la sede nuestro gremio. Con la presencia de la secretaria General del Consejo Directivo Provincial, Liliana Salerno, el pasado martes 31 se realiz\u00f3 un pa\u00f1uelazo en la sede de ATE que cont\u00f3 con el acompa\u00f1amiento de la ex legisladora Liliana Olivera o la [&hellip;]<\/p>\n","protected":false},"author":1,"featured_media":19220,"comment_status":"open","ping_status":"open","sticky":false,"template":"","format":"standard","meta":{"_exactmetrics_skip_tracking":false,"_exactmetrics_sitenote_active":false,"_exactmetrics_sitenote_note":"","_exactmetrics_sitenote_category":0,"jnews-multi-image_gallery":[],"jnews_single_post":[],"jnews_primary_category":[],"jnews_social_meta":[],"jnews_review":[],"enable_review":"","type":"","name":"","summary":"","brand":"","sku":"","good":[],"bad":[],"score_override":"","override_value":"","rating":[],"price":[],"jnews_override_counter":[],"jnews_post_split":[],"footnotes":""},"categories":[122,325],"tags":[],"class_list":["post-10219","post","type-post","status-publish","format-standard","has-post-thumbnail","hentry","category-ddhh","category-generos-y-diversidades"],"jetpack_featured_media_url":"https:\/\/atecordoba.org\/wp-content\/uploads\/2020\/05\/logo-nuevochico-e1561581322808.png","_links":{"self":[{"href":"https:\/\/atecordoba.org\/index.php?rest_route=\/wp\/v2\/posts\/10219","targetHints":{"allow":["GET"]}}],"collection":[{"href":"https:\/\/atecordoba.org\/index.php?rest_route=\/wp\/v2\/posts"}],"about":[{"href":"https:\/\/atecordoba.org\/index.php?rest_route=\/wp\/v2\/types\/post"}],"author":[{"embeddable":true,"href":"https:\/\/atecordoba.org\/index.php?rest_route=\/wp\/v2\/users\/1"}],"replies":[{"embeddable":true,"href":"https:\/\/atecordoba.org\/index.php?rest_route=%2Fwp%2Fv2%2Fcomments&post=10219"}],"version-history":[{"count":1,"href":"https:\/\/atecordoba.org\/index.php?rest_route=\/wp\/v2\/posts\/10219\/revisions"}],"predecessor-version":[{"id":19946,"href":"https:\/\/atecordoba.org\/index.php?rest_route=\/wp\/v2\/posts\/10219\/revisions\/19946"}],"wp:featuredmedia":[{"embeddable":true,"href":"https:\/\/atecordoba.org\/index.php?rest_route=\/wp\/v2\/media\/19220"}],"wp:attachment":[{"href":"https:\/\/atecordoba.org\/index.php?rest_route=%2Fwp%2Fv2%2Fmedia&parent=10219"}],"wp:term":[{"taxonomy":"category","embeddable":true,"href":"https:\/\/atecordoba.org\/index.php?rest_route=%2Fwp%2Fv2%2Fcategories&post=10219"},{"taxonomy":"post_tag","embeddable":true,"href":"https:\/\/atecordoba.org\/index.php?rest_route=%2Fwp%2Fv2%2Ftags&post=10219"}],"curies":[{"name":"wp","href":"https:\/\/api.w.org\/{rel}","templated":true}]}}