{"id":10210,"date":"2018-08-03T16:49:43","date_gmt":"2018-08-03T19:49:43","guid":{"rendered":"http:\/\/www.atecordoba.org\/?p=10210"},"modified":"2018-08-03T16:49:43","modified_gmt":"2018-08-03T19:49:43","slug":"con-amplia-participacion-se-realizo-la-eleccion-de-delegados-de-ate-en-educacion-de-la-provincia","status":"publish","type":"post","link":"https:\/\/atecordoba.org\/?p=10210","title":{"rendered":"Con amplia participaci\u00f3n se realiz\u00f3 la elecci\u00f3n de delegados de ATE en Educaci\u00f3n de la provincia"},"content":{"rendered":"<p><em>El comicio se realiz\u00f3 el mi\u00e9rcoles pasado.<\/em><\/p>\n<p><img loading=\"lazy\" decoding=\"async\" class=\"aligncenter size-full wp-image-10211\" src=\"http:\/\/www.atecordoba.org\/wp-content\/uploads\/2018\/08\/WhatsApp-Image-2018-08-01-at-10.48.16-e1533325703189.jpeg\" alt=\"\" width=\"400\" height=\"711\"><\/p>\n<p>Con una masiva concurrencia de los compa\u00f1eros del sector se llev\u00f3 a cabo el mi\u00e9rcoles pasado. En la oportunidad, resultaron electos los compa\u00f1eros Gustavo Valenzuela, Mirta Figueroa, Alejandra Cabrera y Bettina Salinas Mar\u00eda.<\/p>\n<p>La elecci\u00f3n se realiz\u00f3 en los dos turnos del edificio de calle Santa Rosa, donde funciona la Direcci\u00f3n de Administraci\u00f3n de la cartera educativa.<\/p>\n<p><img loading=\"lazy\" decoding=\"async\" class=\"aligncenter size-full wp-image-10212\" src=\"http:\/\/www.atecordoba.org\/wp-content\/uploads\/2018\/08\/WhatsApp-Image-2018-08-01-at-12.50.05-e1533325727874.jpeg\" alt=\"\" width=\"550\" height=\"309\"><\/p>\n<p>En el sector se encuentra un cuerpo de delegados muy activo que viene logrando sensibles mejoras en t\u00e9rminos de condiciones de trabajo pero que se haya inmerso en un duro cruce con los funcionarios por diversos items salariales que se pagan en otros sectores de la administraci\u00f3n p\u00fablica y que el gobierno se niega a aplicar por el momento en dicha dependencia.<\/p>\n<p>La buena elecci\u00f3n resulta entonces un respaldo a la labor grmeial que ATE viene desarollando.<\/p>\n<p><img loading=\"lazy\" decoding=\"async\" class=\"aligncenter size-full wp-image-10213\" src=\"http:\/\/www.atecordoba.org\/wp-content\/uploads\/2018\/08\/WhatsApp-Image-2018-08-01-at-10.48.15-e1533325748596.jpeg\" alt=\"\" width=\"400\" height=\"711\"><\/p>\n<p>&nbsp;<\/p>\n","protected":false},"excerpt":{"rendered":"<p>El comicio se realiz\u00f3 el mi\u00e9rcoles pasado. Con una masiva concurrencia de los compa\u00f1eros del sector se llev\u00f3 a cabo el mi\u00e9rcoles pasado. En la oportunidad, resultaron electos los compa\u00f1eros Gustavo Valenzuela, Mirta Figueroa, Alejandra Cabrera y Bettina Salinas Mar\u00eda. La elecci\u00f3n se realiz\u00f3 en los dos turnos del edificio de calle Santa Rosa, donde [&hellip;]<\/p>\n","protected":false},"author":1,"featured_media":19220,"comment_status":"open","ping_status":"open","sticky":false,"template":"","format":"standard","meta":{"_exactmetrics_skip_tracking":false,"_exactmetrics_sitenote_active":false,"_exactmetrics_sitenote_note":"","_exactmetrics_sitenote_category":0,"jnews-multi-image_gallery":[],"jnews_single_post":[],"jnews_primary_category":[],"jnews_social_meta":[],"jnews_review":[],"enable_review":"","type":"","name":"","summary":"","brand":"","sku":"","good":[],"bad":[],"score_override":"","override_value":"","rating":[],"price":[],"jnews_override_counter":[],"jnews_post_split":[],"footnotes":""},"categories":[114,8],"tags":[],"class_list":["post-10210","post","type-post","status-publish","format-standard","has-post-thumbnail","hentry","category-ministerio-educacion","category-provinciales"],"jetpack_featured_media_url":"https:\/\/atecordoba.org\/wp-content\/uploads\/2020\/05\/logo-nuevochico-e1561581322808.png","_links":{"self":[{"href":"https:\/\/atecordoba.org\/index.php?rest_route=\/wp\/v2\/posts\/10210","targetHints":{"allow":["GET"]}}],"collection":[{"href":"https:\/\/atecordoba.org\/index.php?rest_route=\/wp\/v2\/posts"}],"about":[{"href":"https:\/\/atecordoba.org\/index.php?rest_route=\/wp\/v2\/types\/post"}],"author":[{"embeddable":true,"href":"https:\/\/atecordoba.org\/index.php?rest_route=\/wp\/v2\/users\/1"}],"replies":[{"embeddable":true,"href":"https:\/\/atecordoba.org\/index.php?rest_route=%2Fwp%2Fv2%2Fcomments&post=10210"}],"version-history":[{"count":0,"href":"https:\/\/atecordoba.org\/index.php?rest_route=\/wp\/v2\/posts\/10210\/revisions"}],"wp:featuredmedia":[{"embeddable":true,"href":"https:\/\/atecordoba.org\/index.php?rest_route=\/wp\/v2\/media\/19220"}],"wp:attachment":[{"href":"https:\/\/atecordoba.org\/index.php?rest_route=%2Fwp%2Fv2%2Fmedia&parent=10210"}],"wp:term":[{"taxonomy":"category","embeddable":true,"href":"https:\/\/atecordoba.org\/index.php?rest_route=%2Fwp%2Fv2%2Fcategories&post=10210"},{"taxonomy":"post_tag","embeddable":true,"href":"https:\/\/atecordoba.org\/index.php?rest_route=%2Fwp%2Fv2%2Ftags&post=10210"}],"curies":[{"name":"wp","href":"https:\/\/api.w.org\/{rel}","templated":true}]}}