{"id":1021,"date":"2010-12-09T03:11:53","date_gmt":"2010-12-09T06:11:53","guid":{"rendered":"http:\/\/www.atecordoba.org\/?p=1021"},"modified":"2010-12-09T03:11:53","modified_gmt":"2010-12-09T06:11:53","slug":"10-de-diciembre-movilizacion-por-el-dia-de-los-dd-hh-exigimos-el-cumplimiento-de-los-derechos-hoy-vulnerados","status":"publish","type":"post","link":"https:\/\/atecordoba.org\/?p=1021","title":{"rendered":"10 de diciembre, Movilizaci\u00f3n por el d\u00eda de los DD.HH: Exigimos el cumplimiento de los derechos hoy vulnerados"},"content":{"rendered":"<p style=\"text-align: center;\"><a href=\"http:\/\/www.atecordoba.org\/wp-content\/uploads\/2012\/07\/arton93.jpg\"><img loading=\"lazy\" decoding=\"async\" class=\"aligncenter  wp-image-1022\" title=\"arton93\" src=\"http:\/\/www.atecordoba.org\/wp-content\/uploads\/2012\/07\/arton93-1024x356.jpg\" alt=\"\" width=\"614\" height=\"214\" \/><\/a><\/p>\n<div>\n<div dir=\"ltr\">\n<p style=\"text-align: justify;\"><strong>(C\u00f3rdoba, 9-12-2010) La CTA convoca a la movilizaci\u00f3n que se llevar\u00e1 a cabo ma\u00f1ana 10 de diciembre en un nuevo aniversario de la Declaraci\u00f3n Universal por Derechos del Hombre. Si bien, en el marco del juicio a los genocidas que se lleva a cabo en Tribunales Federales de nuestra provincia, esta fecha obliga a los militantes del campo popular a reclamar nuevamente que los represores sean condenados y que sus penas se cumplan en c\u00e1rceles comunes.<\/strong><\/p>\n<\/div>\n<\/div>\n<div>\n<div dir=\"ltr\">\n<p style=\"text-align: justify;\">Tambi\u00e9n vale se\u00f1alar que los militantes masacrados por el \u00faltimo r\u00e9gimen c\u00edvico-militar que se implant\u00f3 en nuestro pa\u00eds, murieron luchando por un pa\u00eds mejor. Por eso, es necesario hoy elevar el repudio un\u00e1nime a la represi\u00f3n que diariamente ejercer la polic\u00eda cordobesa en aplicaci\u00f3n del C\u00f3digo de Faltas, que criminaliza la pobreza y la juventud en los barrios m\u00e1s humildes de nuestra provincia, que castiga a las trabajadoras sexuales s\u00f3lo por ejercer su oficio, y llevar adelante todas las acciones necesarias para que dicha normativa sea dejada sin efecto.<\/p>\n<p style=\"text-align: justify;\">De la misma forma, esta movilizaci\u00f3n debe marcar una se\u00f1al a los poderes institucionales y f\u00e1cticos para que se cumpla un derecho humano b\u00e1sico como es el acceso a una vivienda digna.<\/p>\n<p style=\"text-align: justify;\">Por el contrario, se advirti\u00f3 en las \u00faltimas semanas que la falta de viviendas, que el reclamo elemental por el derecho a un h\u00e1bitat, conforme a las necesidades, se castiga con desalojos y represi\u00f3n. No es casual que en escaso margen de tiempo se sucedan cr\u00edmenes en Formosa, donde las etnias originarias son masacradas como si aun estuviese vivo el infausto Julio Argentino Roca; en la ciudad de Buenos Aires, donde el gobierno local pretende vender un neoliberalismo remozado como alternativa de gesti\u00f3n y apela a la brutalidad policial ante familias indefensas, dejando un saldo de dos muertos y decenas de heridos; en C\u00f3rdoba, donde cada reclamo, cada toma de terrenos \u2013ante la falta de respuesta oficiales-, encuentra un fiscal que judicialice el conflicto. Tal ha sido el caso sucedido en barrio Panamericano. A\u00fan hay lotes ocupados en nuestra ciudad por compa\u00f1eros que exigen respuestas pol\u00edticas, no declamaciones leguleyas o tanquetas policiales.<\/p>\n<p style=\"text-align: justify;\">El crimen del militante pol\u00edtico Mariano Ferreyra es una espina que atraviesa al conjunto del movimiento obrero, que reclama democracia y libertad sindical, y obtiene como respuesta, con el aval expl\u00edcito o t\u00e1cito del gobierno nacional, m\u00e1s patotas y menos respuestas a los trabajadores precarizados.<\/p>\n<p style=\"text-align: justify;\">Por todo ello, ma\u00f1ana 10 de diciembre marcharemos, a partir de las 18.30 desde avenida Col\u00f3n y Ca\u00f1ada, para reclamar juicio y castigo a los genocidas, pero tambi\u00e9n para exigir que la muerte de aquellos luchares de los \u201970 no haya sido en vano.<\/p>\n<p style=\"text-align: justify;\">Oscar Mengarelli Secretario General CTA provincia de C\u00f3rdoba<\/p>\n<p style=\"text-align: justify;\">Guido Dreizik Secretario General CTA C\u00f3rdoba Capital<\/p>\n<\/div>\n<\/div>\n","protected":false},"excerpt":{"rendered":"<p>(C\u00f3rdoba, 9-12-2010) La CTA convoca a la movilizaci\u00f3n que se llevar\u00e1 a cabo ma\u00f1ana 10 de diciembre en un nuevo aniversario de la Declaraci\u00f3n Universal por Derechos del Hombre. Si bien, en el marco del juicio a los genocidas que se lleva a cabo en Tribunales Federales de nuestra provincia, esta fecha obliga a los [&hellip;]<\/p>\n","protected":false},"author":1,"featured_media":19220,"comment_status":"open","ping_status":"open","sticky":false,"template":"","format":"standard","meta":{"_exactmetrics_skip_tracking":false,"_exactmetrics_sitenote_active":false,"_exactmetrics_sitenote_note":"","_exactmetrics_sitenote_category":0,"jnews-multi-image_gallery":[],"jnews_single_post":[],"jnews_primary_category":[],"jnews_social_meta":[],"jnews_review":[],"enable_review":"","type":"","name":"","summary":"","brand":"","sku":"","good":[],"bad":[],"score_override":"","override_value":"","rating":[],"price":[],"jnews_override_counter":[],"jnews_post_split":[],"footnotes":""},"categories":[8],"tags":[51,11,31,37],"class_list":["post-1021","post","type-post","status-publish","format-standard","has-post-thumbnail","hentry","category-provinciales","tag-ddhh","tag-noticias-2","tag-provinciales-2","tag-sta"],"jetpack_featured_media_url":"https:\/\/atecordoba.org\/wp-content\/uploads\/2020\/05\/logo-nuevochico-e1561581322808.png","_links":{"self":[{"href":"https:\/\/atecordoba.org\/index.php?rest_route=\/wp\/v2\/posts\/1021","targetHints":{"allow":["GET"]}}],"collection":[{"href":"https:\/\/atecordoba.org\/index.php?rest_route=\/wp\/v2\/posts"}],"about":[{"href":"https:\/\/atecordoba.org\/index.php?rest_route=\/wp\/v2\/types\/post"}],"author":[{"embeddable":true,"href":"https:\/\/atecordoba.org\/index.php?rest_route=\/wp\/v2\/users\/1"}],"replies":[{"embeddable":true,"href":"https:\/\/atecordoba.org\/index.php?rest_route=%2Fwp%2Fv2%2Fcomments&post=1021"}],"version-history":[{"count":0,"href":"https:\/\/atecordoba.org\/index.php?rest_route=\/wp\/v2\/posts\/1021\/revisions"}],"wp:featuredmedia":[{"embeddable":true,"href":"https:\/\/atecordoba.org\/index.php?rest_route=\/wp\/v2\/media\/19220"}],"wp:attachment":[{"href":"https:\/\/atecordoba.org\/index.php?rest_route=%2Fwp%2Fv2%2Fmedia&parent=1021"}],"wp:term":[{"taxonomy":"category","embeddable":true,"href":"https:\/\/atecordoba.org\/index.php?rest_route=%2Fwp%2Fv2%2Fcategories&post=1021"},{"taxonomy":"post_tag","embeddable":true,"href":"https:\/\/atecordoba.org\/index.php?rest_route=%2Fwp%2Fv2%2Ftags&post=1021"}],"curies":[{"name":"wp","href":"https:\/\/api.w.org\/{rel}","templated":true}]}}