{"id":10201,"date":"2018-07-31T16:00:37","date_gmt":"2018-07-31T19:00:37","guid":{"rendered":"http:\/\/www.atecordoba.org\/?p=10201"},"modified":"2018-07-31T16:00:37","modified_gmt":"2018-07-31T19:00:37","slug":"ate-logro-la-reincorporacion-del-trabajador-despedido-en-senasa","status":"publish","type":"post","link":"https:\/\/atecordoba.org\/?p=10201","title":{"rendered":"ATE logr\u00f3 la reincorporaci\u00f3n del trabajador despedido en Senasa"},"content":{"rendered":"<p><em>Se trata de un miembro de la comisi\u00f3n directiva de la seccional R\u00edo Cuarto que tiene 10 a\u00f1os de antig\u00fcedad en el organismo.<\/em><\/p>\n<p><img loading=\"lazy\" decoding=\"async\" class=\"aligncenter size-full wp-image-10202\" src=\"http:\/\/www.atecordoba.org\/wp-content\/uploads\/2018\/07\/IMG_20180614_113357.png\" alt=\"\" width=\"550\" height=\"412\"><\/p>\n<p>&#8220;Esto tiene que ver con la presi\u00f3n gremial que puso ATE sobre los superiores, tomando el Centro Regional C\u00f3rdoba y realizando medidas de fuerza\u201d, se\u00f1al\u00f3 Federico Giuliani, secretario de Acci\u00f3n Pol\u00edtica del Consejo Directivo Provincial y secretario General de la CTA R\u00edo Cuarto.<\/p>\n<p>Se trat\u00f3 a todas luces de un despido arbitrario e injusto porque el compa\u00f1ero no ten\u00eda expedientes ni sumarios previos. \u201cTiene que ver con una persecuci\u00f3n pol\u00edtica hacia esta oficina no solo de los jefes del Senasa, tambi\u00e9n por aquellos sectores de la Sociedad Rural que nos marcaron con el dedo para que rompieran la unidad de la lucha sindical que llevaba a cabo la oficina de Rio Cuarto a trav\u00e9s de las medidas de fuerza realizadas durante estos \u00faltimos quince a\u00f1os\u201d, explic\u00f3.&nbsp;<\/p>\n","protected":false},"excerpt":{"rendered":"<p>Se trata de un miembro de la comisi\u00f3n directiva de la seccional R\u00edo Cuarto que tiene 10 a\u00f1os de antig\u00fcedad en el organismo. &#8220;Esto tiene que ver con la presi\u00f3n gremial que puso ATE sobre los superiores, tomando el Centro Regional C\u00f3rdoba y realizando medidas de fuerza\u201d, se\u00f1al\u00f3 Federico Giuliani, secretario de Acci\u00f3n Pol\u00edtica del [&hellip;]<\/p>\n","protected":false},"author":1,"featured_media":19220,"comment_status":"open","ping_status":"open","sticky":false,"template":"","format":"standard","meta":{"_exactmetrics_skip_tracking":false,"_exactmetrics_sitenote_active":false,"_exactmetrics_sitenote_note":"","_exactmetrics_sitenote_category":0,"jnews-multi-image_gallery":[],"jnews_single_post":[],"jnews_primary_category":[],"jnews_social_meta":[],"jnews_review":[],"enable_review":"","type":"","name":"","summary":"","brand":"","sku":"","good":[],"bad":[],"score_override":"","override_value":"","rating":[],"price":[],"jnews_override_counter":[],"jnews_post_split":[],"footnotes":""},"categories":[112],"tags":[],"class_list":["post-10201","post","type-post","status-publish","format-standard","has-post-thumbnail","hentry","category-senasa"],"jetpack_featured_media_url":"https:\/\/atecordoba.org\/wp-content\/uploads\/2020\/05\/logo-nuevochico-e1561581322808.png","_links":{"self":[{"href":"https:\/\/atecordoba.org\/index.php?rest_route=\/wp\/v2\/posts\/10201","targetHints":{"allow":["GET"]}}],"collection":[{"href":"https:\/\/atecordoba.org\/index.php?rest_route=\/wp\/v2\/posts"}],"about":[{"href":"https:\/\/atecordoba.org\/index.php?rest_route=\/wp\/v2\/types\/post"}],"author":[{"embeddable":true,"href":"https:\/\/atecordoba.org\/index.php?rest_route=\/wp\/v2\/users\/1"}],"replies":[{"embeddable":true,"href":"https:\/\/atecordoba.org\/index.php?rest_route=%2Fwp%2Fv2%2Fcomments&post=10201"}],"version-history":[{"count":0,"href":"https:\/\/atecordoba.org\/index.php?rest_route=\/wp\/v2\/posts\/10201\/revisions"}],"wp:featuredmedia":[{"embeddable":true,"href":"https:\/\/atecordoba.org\/index.php?rest_route=\/wp\/v2\/media\/19220"}],"wp:attachment":[{"href":"https:\/\/atecordoba.org\/index.php?rest_route=%2Fwp%2Fv2%2Fmedia&parent=10201"}],"wp:term":[{"taxonomy":"category","embeddable":true,"href":"https:\/\/atecordoba.org\/index.php?rest_route=%2Fwp%2Fv2%2Fcategories&post=10201"},{"taxonomy":"post_tag","embeddable":true,"href":"https:\/\/atecordoba.org\/index.php?rest_route=%2Fwp%2Fv2%2Ftags&post=10201"}],"curies":[{"name":"wp","href":"https:\/\/api.w.org\/{rel}","templated":true}]}}