{"id":10195,"date":"2018-07-31T15:17:32","date_gmt":"2018-07-31T18:17:32","guid":{"rendered":"http:\/\/www.atecordoba.org\/?p=10195"},"modified":"2018-07-31T15:17:32","modified_gmt":"2018-07-31T18:17:32","slug":"protesta-frente-a-la-senaf-por-persecucion-de-dos-delegados-de-ate","status":"publish","type":"post","link":"https:\/\/atecordoba.org\/?p=10195","title":{"rendered":"Protesta frente a la Senaf por persecuci\u00f3n de dos delegados de ATE"},"content":{"rendered":"<p><em>Son compa\u00f1eros que trabajan en la l\u00ednea 102 de atenci\u00f3n de denuncias de &nbsp;violencia sobre menores. Hab\u00edan denunciado condiciones insalubres de trabajo y fueron separados del resto de los trabajadores del sector, afectando la tutela sindical.<\/em><\/p>\n<p><img loading=\"lazy\" decoding=\"async\" class=\"aligncenter  wp-image-10196\" src=\"http:\/\/www.atecordoba.org\/wp-content\/uploads\/2018\/07\/38041895_10156206893205342_1281325264227270656_n.jpg\" alt=\"\" width=\"551\" height=\"310\"><\/p>\n<p>Un grupo de militantes y dirigentes de ATE se apersonaron el viernes pasado frente a la Secretaria de Ni\u00f1ez Adolescencia y Familia (SEnaf) de la Provincia para reclamar la reincorporaci\u00f3n efectiva junto a sus compa\u00f1eros de trabajo de dos delegados, Romina Espinosa y Humberto Cabral, que se desempe\u00f1an en el sector hace 13 y 20 a\u00f1os respectivamente.<\/p>\n<p>Los delegados hab\u00edan denunciado que todo el sector fue trasladado a un sala de caracter\u00edsticas insalubres pro sus dimensiones, donde se instalaron los boxes que contienen cada uno de los escritorios y l\u00edneas telef\u00f3nicas para atender las denuncias de violencia contra los menores, en la l\u00ednea 102.<\/p>\n<p><img loading=\"lazy\" decoding=\"async\" class=\"aligncenter  wp-image-10198\" src=\"http:\/\/www.atecordoba.org\/wp-content\/uploads\/2018\/07\/37984054_10156206893290342_2989299076262002688_n.jpg\" alt=\"\" width=\"430\" height=\"717\"><\/p>\n<p>Ignorando la tutela sindical que los protege, el funcionario a cargo del \u00e1rea separ\u00f3 a los dos delegados de los trabajadores sobre los que ejercen la representaci\u00f3n sindical, media abiertamente contraria a la ley de asociaciones sindicales que garantiza la inmunidad de los representantes gremiales ante posibles persecuciones de parte de la patronal, o que restrinjan el derecho de los trabajadores a estar en contacto con sus delegados.<\/p>\n<p><img loading=\"lazy\" decoding=\"async\" class=\"aligncenter  wp-image-10199\" src=\"http:\/\/www.atecordoba.org\/wp-content\/uploads\/2018\/07\/38015834_10156206893265342_3490734442190733312_n.jpg\" alt=\"\" width=\"550\" height=\"310\"><\/p>\n<p>En la oportunidad, estuvieron presentes el secretario Gremial Diego Guerra, junto al compa\u00f1ero jubilado Francisco Castro, entre otros militantes y activistas que se solidarizaron con la situaci\u00f3n que viven los compa\u00f1eros Espinosa y Cabral.<\/p>\n<p>Durante la protesta reclamaron tambi\u00e9n que la polic\u00eda no intervenga ni se haga presente durante las asambleas.<\/p>\n<p>https:\/\/www.facebook.com\/aldoarmando.roldan\/videos\/1801178843298559\/?t=1<\/p>\n","protected":false},"excerpt":{"rendered":"<p>Son compa\u00f1eros que trabajan en la l\u00ednea 102 de atenci\u00f3n de denuncias de &nbsp;violencia sobre menores. Hab\u00edan denunciado condiciones insalubres de trabajo y fueron separados del resto de los trabajadores del sector, afectando la tutela sindical. Un grupo de militantes y dirigentes de ATE se apersonaron el viernes pasado frente a la Secretaria de Ni\u00f1ez [&hellip;]<\/p>\n","protected":false},"author":1,"featured_media":19220,"comment_status":"open","ping_status":"open","sticky":false,"template":"","format":"standard","meta":{"_exactmetrics_skip_tracking":false,"_exactmetrics_sitenote_active":false,"_exactmetrics_sitenote_note":"","_exactmetrics_sitenote_category":0,"jnews-multi-image_gallery":[],"jnews_single_post":[],"jnews_primary_category":[],"jnews_social_meta":[],"jnews_review":[],"enable_review":"","type":"","name":"","summary":"","brand":"","sku":"","good":[],"bad":[],"score_override":"","override_value":"","rating":[],"price":[],"jnews_override_counter":[],"jnews_post_split":[],"footnotes":""},"categories":[97],"tags":[],"class_list":["post-10195","post","type-post","status-publish","format-standard","has-post-thumbnail","hentry","category-senaf"],"jetpack_featured_media_url":"https:\/\/atecordoba.org\/wp-content\/uploads\/2020\/05\/logo-nuevochico-e1561581322808.png","_links":{"self":[{"href":"https:\/\/atecordoba.org\/index.php?rest_route=\/wp\/v2\/posts\/10195","targetHints":{"allow":["GET"]}}],"collection":[{"href":"https:\/\/atecordoba.org\/index.php?rest_route=\/wp\/v2\/posts"}],"about":[{"href":"https:\/\/atecordoba.org\/index.php?rest_route=\/wp\/v2\/types\/post"}],"author":[{"embeddable":true,"href":"https:\/\/atecordoba.org\/index.php?rest_route=\/wp\/v2\/users\/1"}],"replies":[{"embeddable":true,"href":"https:\/\/atecordoba.org\/index.php?rest_route=%2Fwp%2Fv2%2Fcomments&post=10195"}],"version-history":[{"count":0,"href":"https:\/\/atecordoba.org\/index.php?rest_route=\/wp\/v2\/posts\/10195\/revisions"}],"wp:featuredmedia":[{"embeddable":true,"href":"https:\/\/atecordoba.org\/index.php?rest_route=\/wp\/v2\/media\/19220"}],"wp:attachment":[{"href":"https:\/\/atecordoba.org\/index.php?rest_route=%2Fwp%2Fv2%2Fmedia&parent=10195"}],"wp:term":[{"taxonomy":"category","embeddable":true,"href":"https:\/\/atecordoba.org\/index.php?rest_route=%2Fwp%2Fv2%2Fcategories&post=10195"},{"taxonomy":"post_tag","embeddable":true,"href":"https:\/\/atecordoba.org\/index.php?rest_route=%2Fwp%2Fv2%2Ftags&post=10195"}],"curies":[{"name":"wp","href":"https:\/\/api.w.org\/{rel}","templated":true}]}}