{"id":10190,"date":"2018-07-30T12:48:03","date_gmt":"2018-07-30T15:48:03","guid":{"rendered":"http:\/\/www.atecordoba.org\/?p=10190"},"modified":"2020-06-09T15:36:36","modified_gmt":"2020-06-09T18:36:36","slug":"panuelazo-en-ate-a-favor-del-aborto-legal","status":"publish","type":"post","link":"https:\/\/atecordoba.org\/?p=10190","title":{"rendered":"Pa\u00f1uelazo en ATE a favor del aborto legal"},"content":{"rendered":"<p><em>Las trabajadoras y trabajadores del Estado nos pronunciamos a favor del Aborto legal, seguro y gratuito. Nos posicionamos a favor de la vida, de la igualdad y de los derechos humanos, por ello hacemos nuestro el proyecto de Interrupci\u00f3n Voluntaria del Embarazo presentado por la Campa\u00f1a Nacional por el Derecho al Aborto, que logr\u00f3 la media sanci\u00f3n en Diputados el 13J<\/em>.<\/p>\n<p><img loading=\"lazy\" decoding=\"async\" class=\"aligncenter size-full wp-image-10191\" src=\"http:\/\/atecordoba.org\/wp-content\/uploads\/2020\/06\/WhatsApp-Image-2018-07-30-at-11.47.34-e1532965611226.jpg\" alt=\"\" width=\"550\" height=\"344\"><\/p>\n<p>La apertura del debate es un triunfo de la lucha del movimiento de mujeres en las calles. Y en tal sentido, rechazamos toda maniobra que busque modificar la media sanci\u00f3n, con \u201cproyectos alternativos\u201d que contemplan los comit\u00e9s de bio\u00e9tica, la objeci\u00f3n de conciencia, s\u00f3lo la despenalizaci\u00f3n, entre otros, todas iniciativas tendientes a obstaculizar la aplicaci\u00f3n plena del derecho de las mujeres a decidir sobre su propio cuerpo.<\/p>\n<p>Luchamos en nuestros trabajos y en las calles, porque la decisi\u00f3n y deseo de ser madres debe ser un derecho y no una imposici\u00f3n, y porque la clandestinidad del aborto nos somete al negocio de las cl\u00ednicas privadas o a las condiciones de absoluta insalubridad que producen mutilaciones o muerte.<\/p>\n<p>Ma\u00f1ana martes 31 de Julio, a las 16 horas, en la sede de ATE Entre R\u00edos 450 realizaremos un pa\u00f1uelazo, en el marco de la agenda de actividades organizada por la Asamblea Ni Una Menos C\u00f3rdoba, en la vigilia hasta el d\u00eda de la votaci\u00f3n en el Senado el 8 de agosto.<\/p>\n<p>Se realizar\u00e1 una concentraci\u00f3n con micr\u00f3fono abierto. Est\u00e1n todas\/os invitadas\/os<\/p>\n<p style=\"text-align: right;\">Mar\u00eda Liliana Salerno<\/p>\n<p style=\"text-align: right;\">Secretaria General<\/p>\n<p><img loading=\"lazy\" decoding=\"async\" class=\"aligncenter size-full wp-image-10192\" src=\"http:\/\/atecordoba.org\/wp-content\/uploads\/2020\/06\/WhatsApp-Image-2018-07-30-at-11.51.04.jpg\" alt=\"\" width=\"540\" height=\"648\"><\/p>\n<p style=\"text-align: right;\">&nbsp;<\/p>\n<p>&nbsp;<\/p>\n","protected":false},"excerpt":{"rendered":"<p>Las trabajadoras y trabajadores del Estado nos pronunciamos a favor del Aborto legal, seguro y gratuito. Nos posicionamos a favor de la vida, de la igualdad y de los derechos humanos, por ello hacemos nuestro el proyecto de Interrupci\u00f3n Voluntaria del Embarazo presentado por la Campa\u00f1a Nacional por el Derecho al Aborto, que logr\u00f3 la [&hellip;]<\/p>\n","protected":false},"author":1,"featured_media":19220,"comment_status":"open","ping_status":"open","sticky":false,"template":"","format":"standard","meta":{"_exactmetrics_skip_tracking":false,"_exactmetrics_sitenote_active":false,"_exactmetrics_sitenote_note":"","_exactmetrics_sitenote_category":0,"jnews-multi-image_gallery":[],"jnews_single_post":[],"jnews_primary_category":[],"jnews_social_meta":[],"jnews_review":[],"enable_review":"","type":"","name":"","summary":"","brand":"","sku":"","good":[],"bad":[],"score_override":"","override_value":"","rating":[],"price":[],"jnews_override_counter":[],"jnews_post_split":[],"footnotes":""},"categories":[325],"tags":[],"class_list":["post-10190","post","type-post","status-publish","format-standard","has-post-thumbnail","hentry","category-generos-y-diversidades"],"jetpack_featured_media_url":"https:\/\/atecordoba.org\/wp-content\/uploads\/2020\/05\/logo-nuevochico-e1561581322808.png","_links":{"self":[{"href":"https:\/\/atecordoba.org\/index.php?rest_route=\/wp\/v2\/posts\/10190","targetHints":{"allow":["GET"]}}],"collection":[{"href":"https:\/\/atecordoba.org\/index.php?rest_route=\/wp\/v2\/posts"}],"about":[{"href":"https:\/\/atecordoba.org\/index.php?rest_route=\/wp\/v2\/types\/post"}],"author":[{"embeddable":true,"href":"https:\/\/atecordoba.org\/index.php?rest_route=\/wp\/v2\/users\/1"}],"replies":[{"embeddable":true,"href":"https:\/\/atecordoba.org\/index.php?rest_route=%2Fwp%2Fv2%2Fcomments&post=10190"}],"version-history":[{"count":1,"href":"https:\/\/atecordoba.org\/index.php?rest_route=\/wp\/v2\/posts\/10190\/revisions"}],"predecessor-version":[{"id":19949,"href":"https:\/\/atecordoba.org\/index.php?rest_route=\/wp\/v2\/posts\/10190\/revisions\/19949"}],"wp:featuredmedia":[{"embeddable":true,"href":"https:\/\/atecordoba.org\/index.php?rest_route=\/wp\/v2\/media\/19220"}],"wp:attachment":[{"href":"https:\/\/atecordoba.org\/index.php?rest_route=%2Fwp%2Fv2%2Fmedia&parent=10190"}],"wp:term":[{"taxonomy":"category","embeddable":true,"href":"https:\/\/atecordoba.org\/index.php?rest_route=%2Fwp%2Fv2%2Fcategories&post=10190"},{"taxonomy":"post_tag","embeddable":true,"href":"https:\/\/atecordoba.org\/index.php?rest_route=%2Fwp%2Fv2%2Ftags&post=10190"}],"curies":[{"name":"wp","href":"https:\/\/api.w.org\/{rel}","templated":true}]}}