{"id":10183,"date":"2018-07-25T15:59:59","date_gmt":"2018-07-25T18:59:59","guid":{"rendered":"http:\/\/www.atecordoba.org\/?p=10183"},"modified":"2018-07-25T15:59:59","modified_gmt":"2018-07-25T18:59:59","slug":"ate-rechaza-decreto-presidencial-que-habilita-la-injerencia-de-las-ffaa-en-la-seguridad-interior","status":"publish","type":"post","link":"https:\/\/atecordoba.org\/?p=10183","title":{"rendered":"ATE rechaza decreto presidencial que habilita la injerencia de las FFAA en la seguridad interior"},"content":{"rendered":"<p><em>En consonancia a lo expresado por nuestra organizaci\u00f3n a nivel nacional, el Consejo Directivo Provincial rechaza la \u201cnueva pol\u00edtica de Defensa\u201d anunciada por el decreto presidencial 683\/2018, por romper con uno de los consensos b\u00e1sicos del retorno a la democracia en 1983, como es la separaci\u00f3n de las funciones de defensa nacional y seguridad interior, y la no injerencia de las Fuerzas Armadas en la seguridad interior.&nbsp;<\/em><\/p>\n<p><img loading=\"lazy\" decoding=\"async\" class=\"aligncenter size-full wp-image-10184\" src=\"http:\/\/www.atecordoba.org\/wp-content\/uploads\/2018\/07\/nunca-mas-e1532545176341.jpg\" alt=\"\" width=\"550\" height=\"354\"><\/p>\n<p style=\"font-weight: 400;\">Ante esto, junto a los dem\u00e1s organismos de Derechos Humanos y organizaciones sociales, pol\u00edticas y gremiales, convocamos a la manifestaci\u00f3n que tendr\u00e1n lugar ma\u00f1ana jueves 26 de julio a las 18 horas en Av. V\u00e9lez Sarsfield y 27 de Abril.<\/p>\n<p style=\"font-weight: 400;\">Otro de los puntos cuestionados del decreto es aquel en el que habilita a las FFAA a brindar &#8220;apoyo log\u00edsitico&#8221; e intervenir en la \u201ccustodia de objetivos estrat\u00e9gicos\u201d.<\/p>\n<p style=\"font-weight: 400;\">Desde ATE denunciamos que la decisi\u00f3n del Gobierno tiene como objetivo la represi\u00f3n y criminalizaci\u00f3n de la protesta, que sin dudas crecer\u00e1 ante la profundizaci\u00f3n del ajuste y la vulneraci\u00f3n de derechos sociales y econ\u00f3micos. Y se\u00f1alamos que no es casual que el anuncio surja en el marco del avance de los acuerdos con el Fondo Monetario Internacional y la celebraci\u00f3n de las cumbres del G-20.<\/p>\n<p>Por caso, en C\u00f3rdoba, el decreto habilita a militarizar las F\u00e1bricas Militares, sectores que afrontan largos planes de lucha ante el vaciamiento continuado de la pol\u00edtica del Ministerio de Defensa que encabeza Oscar Aguad.<\/p>\n<p>Cabe advertir que la intervenci\u00f3n de las FF.AA. en seguridad interior est\u00e1 totalmente prohibida por las leyes sobre materia de Seguridad y Defensa y que no se ajustaba a est\u00e1ndares internacionales de DDHH. En tal sentido, se opone a los avances logrados recuperada la democracia por diferentes fuerzas pol\u00edticas, como fueron las leyes de defensa nacional y seguridad interior de 1988 (sancionada por el gobierno radical de Ra\u00fal Alfons\u00edn) y 1991, respectivamente (sancionada durante el gobierno justicialista de Sa\u00fal Menem), y el decreto 727 de 2006 (durante la gesti\u00f3n del presidente N\u00e9stor Kirchner).&nbsp;<\/p>\n<p>Tal como se\u00f1alo el consejo Federal de DDHH, esta decisi\u00f3n, con la historia que hemos vivido argentinos y argentinas y con los hechos represivos ocurridos en el \u00faltimo tiempo en manos de fuerzas nacionales, no hace m\u00e1s que traer nuevamente el terror a nuestra sociedad, que mantiene la conciencia viva de lo que significaron los golpes de Estado, las desapariciones, las torturas y las muertes.<\/p>\n<p>La seguridad de un pa\u00eds debe asentarse sobre la inclusi\u00f3n social, la educaci\u00f3n, el trabajo y la salud, jam\u00e1s sobre un sistema represivo.<\/p>\n<p>La deuda que tiene el Estado Nacional siempre ser\u00e1 con el pueblo argentino y con el sostenimiento inclaudicable de la democracia.<\/p>\n<p>Por todo ellos reclamamos rever dicha medida con convocamos a manifestar el repudio de toda la comunidad.&nbsp;<\/p>\n<p>Liliana Salerno<\/p>\n<p>Secretaria General<\/p>\n<p>&nbsp;<\/p>\n<p>&nbsp;<\/p>\n","protected":false},"excerpt":{"rendered":"<p>En consonancia a lo expresado por nuestra organizaci\u00f3n a nivel nacional, el Consejo Directivo Provincial rechaza la \u201cnueva pol\u00edtica de Defensa\u201d anunciada por el decreto presidencial 683\/2018, por romper con uno de los consensos b\u00e1sicos del retorno a la democracia en 1983, como es la separaci\u00f3n de las funciones de defensa nacional y seguridad interior, [&hellip;]<\/p>\n","protected":false},"author":1,"featured_media":19220,"comment_status":"open","ping_status":"open","sticky":false,"template":"","format":"standard","meta":{"_exactmetrics_skip_tracking":false,"_exactmetrics_sitenote_active":false,"_exactmetrics_sitenote_note":"","_exactmetrics_sitenote_category":0,"jnews-multi-image_gallery":[],"jnews_single_post":[],"jnews_primary_category":[],"jnews_social_meta":[],"jnews_review":[],"enable_review":"","type":"","name":"","summary":"","brand":"","sku":"","good":[],"bad":[],"score_override":"","override_value":"","rating":[],"price":[],"jnews_override_counter":[],"jnews_post_split":[],"footnotes":""},"categories":[122],"tags":[],"class_list":["post-10183","post","type-post","status-publish","format-standard","has-post-thumbnail","hentry","category-ddhh"],"jetpack_featured_media_url":"https:\/\/atecordoba.org\/wp-content\/uploads\/2020\/05\/logo-nuevochico-e1561581322808.png","_links":{"self":[{"href":"https:\/\/atecordoba.org\/index.php?rest_route=\/wp\/v2\/posts\/10183","targetHints":{"allow":["GET"]}}],"collection":[{"href":"https:\/\/atecordoba.org\/index.php?rest_route=\/wp\/v2\/posts"}],"about":[{"href":"https:\/\/atecordoba.org\/index.php?rest_route=\/wp\/v2\/types\/post"}],"author":[{"embeddable":true,"href":"https:\/\/atecordoba.org\/index.php?rest_route=\/wp\/v2\/users\/1"}],"replies":[{"embeddable":true,"href":"https:\/\/atecordoba.org\/index.php?rest_route=%2Fwp%2Fv2%2Fcomments&post=10183"}],"version-history":[{"count":0,"href":"https:\/\/atecordoba.org\/index.php?rest_route=\/wp\/v2\/posts\/10183\/revisions"}],"wp:featuredmedia":[{"embeddable":true,"href":"https:\/\/atecordoba.org\/index.php?rest_route=\/wp\/v2\/media\/19220"}],"wp:attachment":[{"href":"https:\/\/atecordoba.org\/index.php?rest_route=%2Fwp%2Fv2%2Fmedia&parent=10183"}],"wp:term":[{"taxonomy":"category","embeddable":true,"href":"https:\/\/atecordoba.org\/index.php?rest_route=%2Fwp%2Fv2%2Fcategories&post=10183"},{"taxonomy":"post_tag","embeddable":true,"href":"https:\/\/atecordoba.org\/index.php?rest_route=%2Fwp%2Fv2%2Ftags&post=10183"}],"curies":[{"name":"wp","href":"https:\/\/api.w.org\/{rel}","templated":true}]}}