{"id":10180,"date":"2018-07-25T11:29:55","date_gmt":"2018-07-25T14:29:55","guid":{"rendered":"http:\/\/www.atecordoba.org\/?p=10180"},"modified":"2018-07-25T11:29:55","modified_gmt":"2018-07-25T14:29:55","slug":"verdurazo-campesino-en-plaza-san-martin-en-demanda-de-politicas-publicas-para-la-economia-popular","status":"publish","type":"post","link":"https:\/\/atecordoba.org\/?p=10180","title":{"rendered":"Verdurazo campesino en Plaza San Mart\u00edn en demanda de pol\u00edticas p\u00fablicas para la econom\u00eda popular"},"content":{"rendered":"<p><em>Trabajadores estatales nucleados en ATE y productores campesinos realizar\u00e1n ma\u00f1ana, jueves 26 de julio, una protesta por el estado de abandono que aplica el gobierno de Macri sobre la econom\u00eda popular rural, desmantelando el \u00e1rea social del Ministerio de Agroindustria. Venta de verduras a precios populares.<\/em><\/p>\n<figure id=\"attachment_10181\" aria-describedby=\"caption-attachment-10181\" style=\"width: 550px\" class=\"wp-caption aligncenter\"><img loading=\"lazy\" decoding=\"async\" class=\"wp-image-10181 size-full\" src=\"http:\/\/www.atecordoba.org\/wp-content\/uploads\/2018\/07\/IMG_20180302_202836862-e1532528905181.jpg\" alt=\"\" width=\"550\" height=\"309\"><figcaption id=\"caption-attachment-10181\" class=\"wp-caption-text\">Imagen de archivo. Verdurazo realizado en Plaza del Oso, en marzo pasado.<\/figcaption><\/figure>\n<p>En C\u00f3rdoba los trabajadores organizados en ATE de la Subsecretar\u00eda de Agricultura Familiar (SsAF), dependiente del Ministerio de Agroindustria, junto a organizaciones campesinas, se concentrar\u00e1n desde media ma\u00f1ana en la plaza San Mart\u00edn para expresar su rechazo a las pol\u00edticas de ajuste en la propia SaAF, INTA, INTI y Senasa, y contra la eliminaci\u00f3n del Monotributo Social Agropecuario, instrumento que permite regularizar el trabajo en negro, garantizar aportes previsionales y una obra social para el sector.<\/p>\n<p>En la oportunidad se realizar\u00e1 una feria de verduras y productos agroecol\u00f3gicos en la Plaza San Mart\u00edn, con venta a precios populares, para difundir la problem\u00e1tica que amenaza con destruir la econom\u00eda popular en los sectores que no se encuadran dentro de las corporaciones agrot\u00f3xicas y la oligarqu\u00eda rural que representa el ministro del sector, y ex presidente de la Sociedad Rural, Luis Etchevere.<\/p>\n<p>A su vez, los trabajadores dependientes de los diversos organismos integrados al sector rural redoblan los reclamos que viene llevando a cabo ATE, para terminar con los despidos en las \u00e1reas afectadas, reincorporar a los despedidos y aplicar una recomposici\u00f3n salarial que equipare la escalada inflacionaria, que dej\u00f3 en rid\u00edculo la m\u00edsera pauta salarial para el a\u00f1o en curso, que el gobierno nacional acord\u00f3 con el gremio habitualmente oficialista.<\/p>\n<p>En coordinaci\u00f3n entre los trabajadores estatales, las organizaciones de Trabajadores Agrarios, Campesinas-Ind\u00edgenas y de la Agricultura Familiar, la protesta se har\u00e1 extensiva a las principales ciudades del pa\u00eds, confluyendo en una marcha nacional a la sede de Ministerio de Agroindustria para exigir la creaci\u00f3n y aplicaci\u00f3n de pol\u00edticas p\u00fablicas que permitan garantizar derechos laborales a las y los trabajadores, el acceso a la tierra y el desarrollo de este sector productivo.<\/p>\n<p><strong>Continuidad<\/strong><\/p>\n<p>La manifestaci\u00f3n ser\u00e1 la continuidad del plan de lucha que el pasado mi\u00e9rcoles 18 del corriente tuvo su expresi\u00f3n con el Verdurazo, frente a la sede de la Sociedad Rural, donde se reclam\u00f3 pol\u00edticas p\u00fablicas para las y los productores que generan m\u00e1s de la mitad de los alimentos sanos para nuestro pueblo.<\/p>\n<p>Adem\u00e1s, los trabajadores exigen el funcionamiento de espacios de di\u00e1logo que brinde respaldo a la producci\u00f3n familiar de alimentos mediante compras del Estado para comedores escolares, hospitales, etc.; se facilite la comercializaci\u00f3n, adecuando la legislaci\u00f3n a las caracter\u00edsticas de la producci\u00f3n familiar; se oriente el asesoramiento t\u00e9cnico a las necesidades de los productores familiares; y se garantice el acceso a programas de promoci\u00f3n y cr\u00e9dito.<\/p>\n<p>Asimismo, se pedir\u00e1n respuestas para la problem\u00e1tica de la tierra, ya que las y los trabajadores deben afrontar altos costos de alquileres, dificultades en el acceso a tr\u00e1mites para la regularizaci\u00f3n de la tierra, avance de la especulaci\u00f3n inmobiliaria y tur\u00edstica sobre \u00e1reas productivas y bosque nativo.<\/p>\n<p>En tanto, frente a los intentos por implementar una Ley de Semillas, la movilizaci\u00f3n reclama implementar el debate sobre la importancia de generar legislaci\u00f3n que promueva la defensa de semillas criollas y nativas, as\u00ed como la protecci\u00f3n y conservaci\u00f3n de los bienes naturales, reconociendo a las poblaciones campesinas\u2013ind\u00edgenas como sujetos protectores de la diversidad y el equilibrio de la naturaleza.<\/p>\n<p>Las organizaciones incluyen dentro de sus exigencias la urgencia por reglamentar la ley de Reparaci\u00f3n Hist\u00f3rica de la Agricultura Familiar aprobada en 2014 y dotar de presupuesto suficiente a los \u00f3rganos de aplicaci\u00f3n y promoci\u00f3n contemplados en la misma.<\/p>\n<p>&nbsp;<\/p>\n","protected":false},"excerpt":{"rendered":"<p>Trabajadores estatales nucleados en ATE y productores campesinos realizar\u00e1n ma\u00f1ana, jueves 26 de julio, una protesta por el estado de abandono que aplica el gobierno de Macri sobre la econom\u00eda popular rural, desmantelando el \u00e1rea social del Ministerio de Agroindustria. Venta de verduras a precios populares. En C\u00f3rdoba los trabajadores organizados en ATE de la [&hellip;]<\/p>\n","protected":false},"author":1,"featured_media":19220,"comment_status":"open","ping_status":"open","sticky":false,"template":"","format":"standard","meta":{"_exactmetrics_skip_tracking":false,"_exactmetrics_sitenote_active":false,"_exactmetrics_sitenote_note":"","_exactmetrics_sitenote_category":0,"jnews-multi-image_gallery":[],"jnews_single_post":[],"jnews_primary_category":[],"jnews_social_meta":[],"jnews_review":[],"enable_review":"","type":"","name":"","summary":"","brand":"","sku":"","good":[],"bad":[],"score_override":"","override_value":"","rating":[],"price":[],"jnews_override_counter":[],"jnews_post_split":[],"footnotes":""},"categories":[16],"tags":[],"class_list":["post-10180","post","type-post","status-publish","format-standard","has-post-thumbnail","hentry","category-saf"],"jetpack_featured_media_url":"https:\/\/atecordoba.org\/wp-content\/uploads\/2020\/05\/logo-nuevochico-e1561581322808.png","_links":{"self":[{"href":"https:\/\/atecordoba.org\/index.php?rest_route=\/wp\/v2\/posts\/10180","targetHints":{"allow":["GET"]}}],"collection":[{"href":"https:\/\/atecordoba.org\/index.php?rest_route=\/wp\/v2\/posts"}],"about":[{"href":"https:\/\/atecordoba.org\/index.php?rest_route=\/wp\/v2\/types\/post"}],"author":[{"embeddable":true,"href":"https:\/\/atecordoba.org\/index.php?rest_route=\/wp\/v2\/users\/1"}],"replies":[{"embeddable":true,"href":"https:\/\/atecordoba.org\/index.php?rest_route=%2Fwp%2Fv2%2Fcomments&post=10180"}],"version-history":[{"count":0,"href":"https:\/\/atecordoba.org\/index.php?rest_route=\/wp\/v2\/posts\/10180\/revisions"}],"wp:featuredmedia":[{"embeddable":true,"href":"https:\/\/atecordoba.org\/index.php?rest_route=\/wp\/v2\/media\/19220"}],"wp:attachment":[{"href":"https:\/\/atecordoba.org\/index.php?rest_route=%2Fwp%2Fv2%2Fmedia&parent=10180"}],"wp:term":[{"taxonomy":"category","embeddable":true,"href":"https:\/\/atecordoba.org\/index.php?rest_route=%2Fwp%2Fv2%2Fcategories&post=10180"},{"taxonomy":"post_tag","embeddable":true,"href":"https:\/\/atecordoba.org\/index.php?rest_route=%2Fwp%2Fv2%2Ftags&post=10180"}],"curies":[{"name":"wp","href":"https:\/\/api.w.org\/{rel}","templated":true}]}}