{"id":10172,"date":"2018-07-24T10:42:24","date_gmt":"2018-07-24T13:42:24","guid":{"rendered":"http:\/\/www.atecordoba.org\/?p=10172"},"modified":"2020-06-09T15:36:38","modified_gmt":"2020-06-09T18:36:38","slug":"ate-y-attta-logran-empleo-en-blanco-para-tres-companeras-trans","status":"publish","type":"post","link":"https:\/\/atecordoba.org\/?p=10172","title":{"rendered":"ATE y ATTTA logran empleo en blanco para tres compa\u00f1eras trans"},"content":{"rendered":"<p><em>Son compa\u00f1eras que ingresan a desempe\u00f1arse en el Instituto de Educaci\u00f3n Especial Sullai, con trabajo registrado, obra social y aportes previsionales por primera vez. As\u00ed lograron dejar de lado el trabajo sexual.<\/em><\/p>\n<figure id=\"attachment_10175\" aria-describedby=\"caption-attachment-10175\" style=\"width: 550px\" class=\"wp-caption aligncenter\"><img loading=\"lazy\" decoding=\"async\" class=\"wp-image-10175 size-full\" src=\"http:\/\/atecordoba.org\/wp-content\/uploads\/2020\/06\/attta-en-la-legislatura-e1532439661397.jpg\" alt=\"\" width=\"550\" height=\"367\"><figcaption id=\"caption-attachment-10175\" class=\"wp-caption-text\">Presentaci\u00f3n del proyecto de ley en la Legislatura.<\/figcaption><\/figure>\n<p>La asociaci\u00f3n civil Sullai, que ofrece servicios de atenci\u00f3n y ense\u00f1anza para personas discapacitadas, ser\u00e1 el destino de tres trabajadoras trans que lograron su primer empleo formalizado, a partir de la gesti\u00f3n conjunta que realizaron ATE y la Asociaci\u00f3n de Travestis, Transexuales y Transg\u00e9neros (ATTTA).<\/p>\n<p>Adem\u00e1s, las chicas trans se comenzar\u00e1n a&nbsp; formar como acompa\u00f1antes terap\u00e9uticos a partir de agosto pr\u00f3ximo, a partir de becas completas.<\/p>\n<p>\u201cLa sociedad no sabe pero nosotras sufrimos mucho cuando se nos cierran las puertas. Pero cuando una se abre somos inmensamente felices porque lo que para las otras personas es algo com\u00fan, nosotras lo vemos como algo grandioso que nunca tuvimos cumplido, que es el derecho al trabajo digno\u201d, dijo una de las beneficiadas en declaraciones a la prensa.<\/p>\n<p>Vale se\u00f1alar que ATTTA tiene su sede de funcionamiento en ATE desde el a\u00f1o pasado.<\/p>\n<p><strong>Reclamo por pol\u00edticas de Estado<\/strong><\/p>\n<p>Las compa\u00f1eras reclaman que se implementen pol\u00edticas de Estado para la inclusi\u00f3n laboral del sector ya que en la Provincia no hay un marco legal que garantice el derecho al trabajo formal y regulado para toda la comunidad TTT.<\/p>\n<p>En junio se present\u00f3 se present\u00f3 en la Legislatura provincial el proyecto de Ley de \u201cPromoci\u00f3n del Empleo Formal para Personas Trans y Travestis\u201d, en&nbsp; el marco del D\u00eda del Orgullo LGBTIQ+.<\/p>\n<p>Se trata de pol\u00edticas de inclusi\u00f3n de g\u00e9nero donde ATE viene participando, para efectivizar el pleno derecho de las personas discriminadas por su orientaci\u00f3n sexual.&nbsp;&nbsp;<\/p>\n","protected":false},"excerpt":{"rendered":"<p>Son compa\u00f1eras que ingresan a desempe\u00f1arse en el Instituto de Educaci\u00f3n Especial Sullai, con trabajo registrado, obra social y aportes previsionales por primera vez. As\u00ed lograron dejar de lado el trabajo sexual. La asociaci\u00f3n civil Sullai, que ofrece servicios de atenci\u00f3n y ense\u00f1anza para personas discapacitadas, ser\u00e1 el destino de tres trabajadoras trans que lograron [&hellip;]<\/p>\n","protected":false},"author":1,"featured_media":19220,"comment_status":"open","ping_status":"open","sticky":false,"template":"","format":"standard","meta":{"_exactmetrics_skip_tracking":false,"_exactmetrics_sitenote_active":false,"_exactmetrics_sitenote_note":"","_exactmetrics_sitenote_category":0,"jnews-multi-image_gallery":[],"jnews_single_post":[],"jnews_primary_category":[],"jnews_social_meta":[],"jnews_review":[],"enable_review":"","type":"","name":"","summary":"","brand":"","sku":"","good":[],"bad":[],"score_override":"","override_value":"","rating":[],"price":[],"jnews_override_counter":[],"jnews_post_split":[],"footnotes":""},"categories":[325],"tags":[],"class_list":["post-10172","post","type-post","status-publish","format-standard","has-post-thumbnail","hentry","category-generos-y-diversidades"],"jetpack_featured_media_url":"https:\/\/atecordoba.org\/wp-content\/uploads\/2020\/05\/logo-nuevochico-e1561581322808.png","_links":{"self":[{"href":"https:\/\/atecordoba.org\/index.php?rest_route=\/wp\/v2\/posts\/10172","targetHints":{"allow":["GET"]}}],"collection":[{"href":"https:\/\/atecordoba.org\/index.php?rest_route=\/wp\/v2\/posts"}],"about":[{"href":"https:\/\/atecordoba.org\/index.php?rest_route=\/wp\/v2\/types\/post"}],"author":[{"embeddable":true,"href":"https:\/\/atecordoba.org\/index.php?rest_route=\/wp\/v2\/users\/1"}],"replies":[{"embeddable":true,"href":"https:\/\/atecordoba.org\/index.php?rest_route=%2Fwp%2Fv2%2Fcomments&post=10172"}],"version-history":[{"count":1,"href":"https:\/\/atecordoba.org\/index.php?rest_route=\/wp\/v2\/posts\/10172\/revisions"}],"predecessor-version":[{"id":19951,"href":"https:\/\/atecordoba.org\/index.php?rest_route=\/wp\/v2\/posts\/10172\/revisions\/19951"}],"wp:featuredmedia":[{"embeddable":true,"href":"https:\/\/atecordoba.org\/index.php?rest_route=\/wp\/v2\/media\/19220"}],"wp:attachment":[{"href":"https:\/\/atecordoba.org\/index.php?rest_route=%2Fwp%2Fv2%2Fmedia&parent=10172"}],"wp:term":[{"taxonomy":"category","embeddable":true,"href":"https:\/\/atecordoba.org\/index.php?rest_route=%2Fwp%2Fv2%2Fcategories&post=10172"},{"taxonomy":"post_tag","embeddable":true,"href":"https:\/\/atecordoba.org\/index.php?rest_route=%2Fwp%2Fv2%2Ftags&post=10172"}],"curies":[{"name":"wp","href":"https:\/\/api.w.org\/{rel}","templated":true}]}}