{"id":10156,"date":"2018-07-12T14:19:34","date_gmt":"2018-07-12T17:19:34","guid":{"rendered":"http:\/\/www.atecordoba.org\/?p=10156"},"modified":"2018-07-12T14:19:34","modified_gmt":"2018-07-12T17:19:34","slug":"ate-cordoba-rechaza-el-decreto-de-de-congelamiento-del-estado","status":"publish","type":"post","link":"https:\/\/atecordoba.org\/?p=10156","title":{"rendered":"ATE C\u00f3rdoba rechaza el decreto de congelamiento del Estado"},"content":{"rendered":"<p><em>El Consejo Directivo Provincial (CDP) se expres\u00f3 hoy en rechazo del decreto presidencial&nbsp;632\/2018, que frena la incorporaci\u00f3n de empleados en el sector p\u00fablico hasta el 31 de diciembre de 2019 y que adem\u00e1s proh\u00edbe las bonificaciones, premios, incentivos y suplementos durante el mismo per\u00edodo.<\/em><\/p>\n<p><img loading=\"lazy\" decoding=\"async\" class=\"aligncenter size-full wp-image-10143\" src=\"http:\/\/www.atecordoba.org\/wp-content\/uploads\/2018\/06\/IMG_20180625_112601_1.png\" alt=\"\" width=\"550\" height=\"412\"><\/p>\n<p>En tal sentido, el CDP se\u00f1al\u00f3 que&nbsp;este ajuste brutal en el Estado, que no solamente impacta en los trabajadores estatales sino que tambi\u00e9n afecta a gran parte de la poblaci\u00f3n, se va a ver reflejado con grave incidencia particularmente en las provincias y en los municipios, pero sobre todo en el Estado Nacional.<\/p>\n<p>El decreto es particularmente nocivo para los estatales, en el marco de una pol\u00edtica general del macrismo que viene atacando a los trabajadores desde el comienzo de su gesti\u00f3n, ya que afecta el salario y provocar\u00e1 m\u00e1s despidos de los trabajadores&nbsp; que se encuentran precarizados.&nbsp;<\/p>\n<p>Al mismo tiempo afecta los servicios que el Estado debe garantizar a la sociedad en su conjunto.<\/p>\n<p>Tal como expres\u00f3 la conducci\u00f3n nacional de ATE,&nbsp;los anuncios que ha habido hasta ahora implican dejar sin efecto a las contrataciones t\u00e9cnicas con Universidades al 31 de diciembre, lo que prev\u00e9 10 mil despidos m\u00e1s. Pero adem\u00e1s, eternizar la precarizaci\u00f3n laboral y limitar las nuevas designaciones en el Estado implica que los trabajadores y trabajadoras que est\u00e1n en situaci\u00f3n de precariedad laboral, que son cerca de 90 mil en el Estado Nacional, quedar\u00e1n congelados en esa condici\u00f3n de inseguridad del empleo.<\/p>\n<p>&nbsp;<\/p>\n","protected":false},"excerpt":{"rendered":"<p>El Consejo Directivo Provincial (CDP) se expres\u00f3 hoy en rechazo del decreto presidencial&nbsp;632\/2018, que frena la incorporaci\u00f3n de empleados en el sector p\u00fablico hasta el 31 de diciembre de 2019 y que adem\u00e1s proh\u00edbe las bonificaciones, premios, incentivos y suplementos durante el mismo per\u00edodo. En tal sentido, el CDP se\u00f1al\u00f3 que&nbsp;este ajuste brutal en el [&hellip;]<\/p>\n","protected":false},"author":1,"featured_media":19220,"comment_status":"open","ping_status":"open","sticky":false,"template":"","format":"standard","meta":{"_exactmetrics_skip_tracking":false,"_exactmetrics_sitenote_active":false,"_exactmetrics_sitenote_note":"","_exactmetrics_sitenote_category":0,"jnews-multi-image_gallery":[],"jnews_single_post":[],"jnews_primary_category":[],"jnews_social_meta":[],"jnews_review":[],"enable_review":"","type":"","name":"","summary":"","brand":"","sku":"","good":[],"bad":[],"score_override":"","override_value":"","rating":[],"price":[],"jnews_override_counter":[],"jnews_post_split":[],"footnotes":""},"categories":[118],"tags":[],"class_list":["post-10156","post","type-post","status-publish","format-standard","has-post-thumbnail","hentry","category-legales"],"jetpack_featured_media_url":"https:\/\/atecordoba.org\/wp-content\/uploads\/2020\/05\/logo-nuevochico-e1561581322808.png","_links":{"self":[{"href":"https:\/\/atecordoba.org\/index.php?rest_route=\/wp\/v2\/posts\/10156","targetHints":{"allow":["GET"]}}],"collection":[{"href":"https:\/\/atecordoba.org\/index.php?rest_route=\/wp\/v2\/posts"}],"about":[{"href":"https:\/\/atecordoba.org\/index.php?rest_route=\/wp\/v2\/types\/post"}],"author":[{"embeddable":true,"href":"https:\/\/atecordoba.org\/index.php?rest_route=\/wp\/v2\/users\/1"}],"replies":[{"embeddable":true,"href":"https:\/\/atecordoba.org\/index.php?rest_route=%2Fwp%2Fv2%2Fcomments&post=10156"}],"version-history":[{"count":0,"href":"https:\/\/atecordoba.org\/index.php?rest_route=\/wp\/v2\/posts\/10156\/revisions"}],"wp:featuredmedia":[{"embeddable":true,"href":"https:\/\/atecordoba.org\/index.php?rest_route=\/wp\/v2\/media\/19220"}],"wp:attachment":[{"href":"https:\/\/atecordoba.org\/index.php?rest_route=%2Fwp%2Fv2%2Fmedia&parent=10156"}],"wp:term":[{"taxonomy":"category","embeddable":true,"href":"https:\/\/atecordoba.org\/index.php?rest_route=%2Fwp%2Fv2%2Fcategories&post=10156"},{"taxonomy":"post_tag","embeddable":true,"href":"https:\/\/atecordoba.org\/index.php?rest_route=%2Fwp%2Fv2%2Ftags&post=10156"}],"curies":[{"name":"wp","href":"https:\/\/api.w.org\/{rel}","templated":true}]}}