{"id":10150,"date":"2018-07-12T13:22:32","date_gmt":"2018-07-12T16:22:32","guid":{"rendered":"http:\/\/www.atecordoba.org\/?p=10150"},"modified":"2018-07-12T13:22:32","modified_gmt":"2018-07-12T16:22:32","slug":"la-justicia-sobresello-a-los-delegados-de-ate-del-hospital-de-ninos","status":"publish","type":"post","link":"https:\/\/atecordoba.org\/?p=10150","title":{"rendered":"La justicia sobresey\u00f3 a los delegados de ATE del Hospital de Ni\u00f1os"},"content":{"rendered":"<p><em>Santiago Belizan y Virginia L\u00e1zaro obtuvieron el sobreseimiento de la fiscal\u00eda despu\u00e9s de estar cuatro a\u00f1os y medio imputados.<\/em><\/p>\n<figure id=\"attachment_10152\" aria-describedby=\"caption-attachment-10152\" style=\"width: 550px\" class=\"wp-caption aligncenter\"><img loading=\"lazy\" decoding=\"async\" class=\"wp-image-10152 size-full\" src=\"http:\/\/www.atecordoba.org\/wp-content\/uploads\/2018\/07\/delegados-sebreseidos.png\" alt=\"\" width=\"550\" height=\"388\"><figcaption id=\"caption-attachment-10152\" class=\"wp-caption-text\">Los delegados junto al abogado de ATE Eugenio Biafore.<\/figcaption><\/figure>\n<p>Los delegados del Hospital de Ni\u00f1os Santiago Belizan y Virginia Lazaro resultaron sobreseidos tras&nbsp;54 meses imputados por el fiscal provincial Pedro Caballero, por la denuncia realizada en diciembre de 2013 por el director del nosocomio, en el marco del conflicto gremial que comand\u00f3 ATE en el sistema de salud provincial.<\/p>\n<p>Caballero mantuvo en ascuas a los compa\u00f1eros durante todo ese tiempo, en una actitud funcional al gobierno provincial, que pretendi\u00f3 a trav\u00e9s de la denuncia de un funcionario criminalizar un justo conflicto gremial donde los trabajadores reclamaron mejoras salariales y de condiciones de trabajo. Vale recordar que tras el conflcito el gobierno de Jose De La Sota debi\u00f3 reconocer a ATE como organizaci\u00f3n gremial con plena actuaci\u00f3n en la Provincia, as\u00ed como lo hab\u00edan ordenado el Ministerio de Trabajo de la naci\u00f3n asi como la Corte Suprema de Justicia y que la administraici\u00f3n de Uni\u00f3n por Cordoba se negaba a cumplir.&nbsp;<\/p>\n<p>Caballero, que adem\u00e1s proces\u00f3 a Estela Gimenez, de UTS,&nbsp; tiene larga data como perseguidor de militantes y dirigentes sindicales, judicializados durante conflictos gremiales, como fue el caso de&nbsp;cuatro dirigentes del Cispren, imputados durante una protesta frente al diario La Voz del interior, o cuando impuso una restricci\u00f3n para que delegados de la UOM de la empresa Valeo no se acercaran a la planta a menos de 500 metros.<\/p>\n<figure id=\"attachment_10151\" aria-describedby=\"caption-attachment-10151\" style=\"width: 550px\" class=\"wp-caption aligncenter\"><img loading=\"lazy\" decoding=\"async\" class=\"wp-image-10151 size-full\" src=\"http:\/\/www.atecordoba.org\/wp-content\/uploads\/2018\/07\/fiscal-p\u00e8dro-caballero-e1531412286792.jpg\" alt=\"\" width=\"550\" height=\"302\"><figcaption id=\"caption-attachment-10151\" class=\"wp-caption-text\">El fiscal Pedro Caballero, soldado siempre dispuesto a imputar delegados seg\u00fan el gusto del gobierno provincial.<\/figcaption><\/figure>\n<p>Adem\u00e1s, durante el desarrollo de la causa la defensa letrada de ATE debi\u00f3 reclamar a la C\u00e1mara de Acusaci\u00f3n&nbsp;que ordene al fiscal a que reciba testimonios presentados por la defensa, por el funcionario se negaba a incorporarlos al tr\u00e1mite.&nbsp;<\/p>\n<p>Ahora, los compa\u00f1eros lograron la satisfacci\u00f3n de no continuar dentro de una causa que s\u00f3lo pretendi\u00f3 meter miedo a la organizaci\u00f3n de los trabajadores del sector salud de la provincia.<\/p>\n<p>En otro tr\u00e1mite paralelo, un juez neg\u00f3 a Caballero la elevaci\u00f3n a juicio de Gimenez por lo que la fiscal\u00eda debi\u00f3 extender la falta de m\u00e9rito a esa compa\u00f1era de UTS.<\/p>\n<p>&nbsp;<\/p>\n","protected":false},"excerpt":{"rendered":"<p>Santiago Belizan y Virginia L\u00e1zaro obtuvieron el sobreseimiento de la fiscal\u00eda despu\u00e9s de estar cuatro a\u00f1os y medio imputados. Los delegados del Hospital de Ni\u00f1os Santiago Belizan y Virginia Lazaro resultaron sobreseidos tras&nbsp;54 meses imputados por el fiscal provincial Pedro Caballero, por la denuncia realizada en diciembre de 2013 por el director del nosocomio, en [&hellip;]<\/p>\n","protected":false},"author":1,"featured_media":19220,"comment_status":"open","ping_status":"open","sticky":false,"template":"","format":"standard","meta":{"_exactmetrics_skip_tracking":false,"_exactmetrics_sitenote_active":false,"_exactmetrics_sitenote_note":"","_exactmetrics_sitenote_category":0,"jnews-multi-image_gallery":[],"jnews_single_post":[],"jnews_primary_category":[],"jnews_social_meta":[],"jnews_review":[],"enable_review":"","type":"","name":"","summary":"","brand":"","sku":"","good":[],"bad":[],"score_override":"","override_value":"","rating":[],"price":[],"jnews_override_counter":[],"jnews_post_split":[],"footnotes":""},"categories":[118],"tags":[],"class_list":["post-10150","post","type-post","status-publish","format-standard","has-post-thumbnail","hentry","category-legales"],"jetpack_featured_media_url":"https:\/\/atecordoba.org\/wp-content\/uploads\/2020\/05\/logo-nuevochico-e1561581322808.png","_links":{"self":[{"href":"https:\/\/atecordoba.org\/index.php?rest_route=\/wp\/v2\/posts\/10150","targetHints":{"allow":["GET"]}}],"collection":[{"href":"https:\/\/atecordoba.org\/index.php?rest_route=\/wp\/v2\/posts"}],"about":[{"href":"https:\/\/atecordoba.org\/index.php?rest_route=\/wp\/v2\/types\/post"}],"author":[{"embeddable":true,"href":"https:\/\/atecordoba.org\/index.php?rest_route=\/wp\/v2\/users\/1"}],"replies":[{"embeddable":true,"href":"https:\/\/atecordoba.org\/index.php?rest_route=%2Fwp%2Fv2%2Fcomments&post=10150"}],"version-history":[{"count":0,"href":"https:\/\/atecordoba.org\/index.php?rest_route=\/wp\/v2\/posts\/10150\/revisions"}],"wp:featuredmedia":[{"embeddable":true,"href":"https:\/\/atecordoba.org\/index.php?rest_route=\/wp\/v2\/media\/19220"}],"wp:attachment":[{"href":"https:\/\/atecordoba.org\/index.php?rest_route=%2Fwp%2Fv2%2Fmedia&parent=10150"}],"wp:term":[{"taxonomy":"category","embeddable":true,"href":"https:\/\/atecordoba.org\/index.php?rest_route=%2Fwp%2Fv2%2Fcategories&post=10150"},{"taxonomy":"post_tag","embeddable":true,"href":"https:\/\/atecordoba.org\/index.php?rest_route=%2Fwp%2Fv2%2Ftags&post=10150"}],"curies":[{"name":"wp","href":"https:\/\/api.w.org\/{rel}","templated":true}]}}