{"id":10146,"date":"2018-06-26T13:32:32","date_gmt":"2018-06-26T16:32:32","guid":{"rendered":"http:\/\/www.atecordoba.org\/?p=10146"},"modified":"2018-06-26T13:32:32","modified_gmt":"2018-06-26T16:32:32","slug":"feliz-dia-del-trabajador-del-estado","status":"publish","type":"post","link":"https:\/\/atecordoba.org\/?p=10146","title":{"rendered":"Feliz D\u00eda del Trabajador del Estado"},"content":{"rendered":"<p><em>En el marco del festejo que se realizar\u00e1 ma\u00f1ana por el D\u00eda del trabajador del Estado, el Consejo Directivo Provincial quiere enviar un fraternal saludo a todos los afiliados de ATE y a los trabajadores de los diversos organismos estatales, tanto sea del nivel nacional, como provincial y municipal.<\/em><\/p>\n<p><img loading=\"lazy\" decoding=\"async\" class=\"aligncenter size-full wp-image-10147\" src=\"http:\/\/www.atecordoba.org\/wp-content\/uploads\/2018\/06\/dia-del-trabajador-estatal.png\" alt=\"\" width=\"298\" height=\"364\"><\/p>\n<p>Esta celebraci\u00f3n es oficial para el Estado Nacional desde 2013, cuando el Congreso de la Naci\u00f3n aprob\u00f3 la ley que propuso el compa\u00f1ero y ex dirigente de ATE V\u00edctor De Gennaro, en oportunidad de cumplir mandato como diputado nacional.<\/p>\n<p>Ahora nos toca celebrar nuestro d\u00eda lamentando el proceso de ajuste y desintegraci\u00f3n del Estado, que hemos defendido como bandera hist\u00f3rica de nuestro gremio. Pero al mismo tiempo, debemos se\u00f1alar que desde el primer momento que asumiera la actual administraci\u00f3n macrista rechazamos su plan de desguace y denunciamos los perjuicios que implica para los trabajadores y la consecuente p\u00e9rdida de derechos para la poblaci\u00f3n.<\/p>\n<p>Por eso venimos desarrollando diversos planes de lucha a los efectos de revertir la situaci\u00f3n y defender los derechos de los trabajadores as\u00ed como los servicios que el Estado debe prestar a la comunidad.<\/p>\n<p>En consecuencia, celebramos este D\u00eda del Trabajador del Estado bajo el marco de la ley 26976, remarcando que se trata de un d\u00eda de descanso y que los trabajadores tienen el derecho ganado de no concurrir a cumplir funciones ma\u00f1ana en el Estado nacional. &nbsp;<\/p>\n<p>Liliana Salerno<\/p>\n<p>Secretaria General<\/p>\n<p>&nbsp;<\/p>\n<p>&nbsp;<\/p>\n","protected":false},"excerpt":{"rendered":"<p>En el marco del festejo que se realizar\u00e1 ma\u00f1ana por el D\u00eda del trabajador del Estado, el Consejo Directivo Provincial quiere enviar un fraternal saludo a todos los afiliados de ATE y a los trabajadores de los diversos organismos estatales, tanto sea del nivel nacional, como provincial y municipal. Esta celebraci\u00f3n es oficial para el [&hellip;]<\/p>\n","protected":false},"author":1,"featured_media":19220,"comment_status":"open","ping_status":"open","sticky":false,"template":"","format":"standard","meta":{"_exactmetrics_skip_tracking":false,"_exactmetrics_sitenote_active":false,"_exactmetrics_sitenote_note":"","_exactmetrics_sitenote_category":0,"jnews-multi-image_gallery":[],"jnews_single_post":[],"jnews_primary_category":[],"jnews_social_meta":[],"jnews_review":[],"enable_review":"","type":"","name":"","summary":"","brand":"","sku":"","good":[],"bad":[],"score_override":"","override_value":"","rating":[],"price":[],"jnews_override_counter":[],"jnews_post_split":[],"footnotes":""},"categories":[10],"tags":[],"class_list":["post-10146","post","type-post","status-publish","format-standard","has-post-thumbnail","hentry","category-accion-politica"],"jetpack_featured_media_url":"https:\/\/atecordoba.org\/wp-content\/uploads\/2020\/05\/logo-nuevochico-e1561581322808.png","_links":{"self":[{"href":"https:\/\/atecordoba.org\/index.php?rest_route=\/wp\/v2\/posts\/10146","targetHints":{"allow":["GET"]}}],"collection":[{"href":"https:\/\/atecordoba.org\/index.php?rest_route=\/wp\/v2\/posts"}],"about":[{"href":"https:\/\/atecordoba.org\/index.php?rest_route=\/wp\/v2\/types\/post"}],"author":[{"embeddable":true,"href":"https:\/\/atecordoba.org\/index.php?rest_route=\/wp\/v2\/users\/1"}],"replies":[{"embeddable":true,"href":"https:\/\/atecordoba.org\/index.php?rest_route=%2Fwp%2Fv2%2Fcomments&post=10146"}],"version-history":[{"count":0,"href":"https:\/\/atecordoba.org\/index.php?rest_route=\/wp\/v2\/posts\/10146\/revisions"}],"wp:featuredmedia":[{"embeddable":true,"href":"https:\/\/atecordoba.org\/index.php?rest_route=\/wp\/v2\/media\/19220"}],"wp:attachment":[{"href":"https:\/\/atecordoba.org\/index.php?rest_route=%2Fwp%2Fv2%2Fmedia&parent=10146"}],"wp:term":[{"taxonomy":"category","embeddable":true,"href":"https:\/\/atecordoba.org\/index.php?rest_route=%2Fwp%2Fv2%2Fcategories&post=10146"},{"taxonomy":"post_tag","embeddable":true,"href":"https:\/\/atecordoba.org\/index.php?rest_route=%2Fwp%2Fv2%2Ftags&post=10146"}],"curies":[{"name":"wp","href":"https:\/\/api.w.org\/{rel}","templated":true}]}}