{"id":10141,"date":"2018-06-26T12:39:40","date_gmt":"2018-06-26T15:39:40","guid":{"rendered":"http:\/\/www.atecordoba.org\/?p=10141"},"modified":"2018-06-26T12:39:40","modified_gmt":"2018-06-26T15:39:40","slug":"ate-movilizo-en-cordoba-en-el-marco-del-paro-nacional","status":"publish","type":"post","link":"https:\/\/atecordoba.org\/?p=10141","title":{"rendered":"ATE moviliz\u00f3 en C\u00f3rdoba en el marco del paro nacional"},"content":{"rendered":"<p><em>Una nutrida columna de estatales particip\u00f3 de las marchas que confluyeron en la el centro de la ciudad, en rechazo a la pol\u00edtica econ\u00f3mica, contra los despidos y la ca\u00edda del salario y en repudio al acuerdo con el FMI.<\/em><\/p>\n<p><img loading=\"lazy\" decoding=\"async\" class=\"aligncenter size-full wp-image-10142\" src=\"http:\/\/www.atecordoba.org\/wp-content\/uploads\/2018\/06\/IMG_20180625_113136.png\" alt=\"\" width=\"550\" height=\"412\"><\/p>\n<p>Desde las primeras horas de la ma\u00f1ana la sede de ATE fue el foco donde confluyeron los trabajadores estatales, junto a compa\u00f1eros de organizaciones enroladas en la CTA Aut\u00f3noma, con la decisi\u00f3n de movilizarse en el marco del paro nacional que nuestra Central convoc\u00f3 conjuntamente a las distintas vertientes de la CGT, tal como anunci\u00f3 la conducci\u00f3n nacional de ATE la semana pasada.<\/p>\n<p>As\u00ed, una nutrida y ruidosa columna de parti\u00f3 de ATE a las 11 para dirigirse a Col\u00f3n y General Paz,&nbsp; encabezada por nuestra secretaria General Liliana Salerno, donde confluyeron se confluy\u00f3 con compa\u00f1eros movilizados de Luz y Fuerza y de organizaciones y partidos de la izquierda.<\/p>\n<p><img loading=\"lazy\" decoding=\"async\" class=\"aligncenter size-full wp-image-10144\" src=\"http:\/\/www.atecordoba.org\/wp-content\/uploads\/2018\/06\/foto-1-e1530027518983.jpeg\" alt=\"\" width=\"550\" height=\"330\"><\/p>\n<p>&nbsp;<\/p>\n<p>Posteriormente ATE avanz\u00f3 hacia la concentraci\u00f3n en adyacencias de la sede hist\u00f3rica de la CGT, junto a organizaciones sociales como la CCC y CTEP, que aportaron el caudal mayoritario de compa\u00f1eros al sector, sobre avenida V\u00e9lez Sarsfield, culminando frente a la plazoleta Agust\u00edn Tosco.<\/p>\n<p>Para la secretaria General de ATE C\u00f3rdoba, Liliana Salerno, se trat\u00f3 de &#8220;una jornada de lucha que se hizo sentir en todo el pa\u00eds para marcarle al gobierno macrista la problem\u00e1tica que sufren los trabajadores. En tanto asumimos el compromiso de mantener los planes de lucha en todos los sectores donde lo requieran los trabajadores, ante despidos, falta de convocatoria a paritarias y en defensa del sistema previsional argentino y de la Caja de Jubilaciones de la provincia&#8221;.&nbsp;<\/p>\n<p>&nbsp;<\/p>\n","protected":false},"excerpt":{"rendered":"<p>Una nutrida columna de estatales particip\u00f3 de las marchas que confluyeron en la el centro de la ciudad, en rechazo a la pol\u00edtica econ\u00f3mica, contra los despidos y la ca\u00edda del salario y en repudio al acuerdo con el FMI. Desde las primeras horas de la ma\u00f1ana la sede de ATE fue el foco donde [&hellip;]<\/p>\n","protected":false},"author":1,"featured_media":19220,"comment_status":"open","ping_status":"open","sticky":false,"template":"","format":"standard","meta":{"_exactmetrics_skip_tracking":false,"_exactmetrics_sitenote_active":false,"_exactmetrics_sitenote_note":"","_exactmetrics_sitenote_category":0,"jnews-multi-image_gallery":[],"jnews_single_post":[],"jnews_primary_category":[],"jnews_social_meta":[],"jnews_review":[],"enable_review":"","type":"","name":"","summary":"","brand":"","sku":"","good":[],"bad":[],"score_override":"","override_value":"","rating":[],"price":[],"jnews_override_counter":[],"jnews_post_split":[],"footnotes":""},"categories":[21],"tags":[],"class_list":["post-10141","post","type-post","status-publish","format-standard","has-post-thumbnail","hentry","category-paro-nacional"],"jetpack_featured_media_url":"https:\/\/atecordoba.org\/wp-content\/uploads\/2020\/05\/logo-nuevochico-e1561581322808.png","_links":{"self":[{"href":"https:\/\/atecordoba.org\/index.php?rest_route=\/wp\/v2\/posts\/10141","targetHints":{"allow":["GET"]}}],"collection":[{"href":"https:\/\/atecordoba.org\/index.php?rest_route=\/wp\/v2\/posts"}],"about":[{"href":"https:\/\/atecordoba.org\/index.php?rest_route=\/wp\/v2\/types\/post"}],"author":[{"embeddable":true,"href":"https:\/\/atecordoba.org\/index.php?rest_route=\/wp\/v2\/users\/1"}],"replies":[{"embeddable":true,"href":"https:\/\/atecordoba.org\/index.php?rest_route=%2Fwp%2Fv2%2Fcomments&post=10141"}],"version-history":[{"count":0,"href":"https:\/\/atecordoba.org\/index.php?rest_route=\/wp\/v2\/posts\/10141\/revisions"}],"wp:featuredmedia":[{"embeddable":true,"href":"https:\/\/atecordoba.org\/index.php?rest_route=\/wp\/v2\/media\/19220"}],"wp:attachment":[{"href":"https:\/\/atecordoba.org\/index.php?rest_route=%2Fwp%2Fv2%2Fmedia&parent=10141"}],"wp:term":[{"taxonomy":"category","embeddable":true,"href":"https:\/\/atecordoba.org\/index.php?rest_route=%2Fwp%2Fv2%2Fcategories&post=10141"},{"taxonomy":"post_tag","embeddable":true,"href":"https:\/\/atecordoba.org\/index.php?rest_route=%2Fwp%2Fv2%2Ftags&post=10141"}],"curies":[{"name":"wp","href":"https:\/\/api.w.org\/{rel}","templated":true}]}}