{"id":10128,"date":"2018-06-18T13:22:28","date_gmt":"2018-06-18T16:22:28","guid":{"rendered":"http:\/\/www.atecordoba.org\/?p=10128"},"modified":"2018-06-18T13:22:28","modified_gmt":"2018-06-18T16:22:28","slug":"la-cta-a-traspasa-el-paro-general-al-dia-25","status":"publish","type":"post","link":"https:\/\/atecordoba.org\/?p=10128","title":{"rendered":"La CTA- A traspasa el paro general al d\u00eda 25"},"content":{"rendered":"<p><em>\u201cEn la Marcha Federal se vio el rechazo al acuerdo con el FMI\u201d, se\u00f1al\u00f3 Hugo Godoy.<\/em><\/p>\n<p><img loading=\"lazy\" decoding=\"async\" class=\"aligncenter size-full wp-image-10129\" src=\"http:\/\/www.atecordoba.org\/wp-content\/uploads\/2018\/06\/conferencia-de-prensa-paro-25-6_2-e1529338915987.jpg\" alt=\"\" width=\"550\" height=\"367\">En conferencia de prensa en su sede, la CTA Aut\u00f3noma ratific\u00f3 que la Central ir\u00e1 al paro general el 25 de junio. Los dirigentes y las dirigentas celebraron la media sanci\u00f3n del proyecto de ley que legaliza el aborto.<\/p>\n<p>Ricardo Peidro, secretario general adjunto de la CTA A afirm\u00f3 que, como se anunci\u00f3 en la marcha federal, &#8220;declaramos la huelga general, el paro nacional para el 25 de junio, mostrando la unidad en la lucha, la unidad en la acci\u00f3n\u201d.<\/p>\n<p>&nbsp;<\/p>\n<p>En representaci\u00f3n de ATE, Cachorro Godoy, su secretario general cerr\u00f3 la conferencia: \u201ccon la marcha federal recorrimos el pa\u00eds y comprobamos los estragos que est\u00e1 produciendo la pol\u00edtica del macrismo en nuestra sociedad y en las econom\u00edas regionales. En esa recorrida fuimos recibiendo el aliento de miles de argentinos y argentinas de rechazo al acuerdo con el FMI, que es abrir las puertas del infierno de un pa\u00eds que ya viene padeciendo las pol\u00edticas de ajuste. Por eso cuando llegamos a Plaza de Mayo junto con la CCC, la CTEP, el FOL, el Frente Dar\u00edo Santill\u00e1n, Barrios de pie, entre otras organizaciones, asumimos el compromiso de llevar adelante un paro nacional con el m\u00e1s amplio arco de unidad para decirle basta a esta pol\u00edtica econ\u00f3mica del presidente Macri\u201d.<\/p>\n","protected":false},"excerpt":{"rendered":"<p>\u201cEn la Marcha Federal se vio el rechazo al acuerdo con el FMI\u201d, se\u00f1al\u00f3 Hugo Godoy. En conferencia de prensa en su sede, la CTA Aut\u00f3noma ratific\u00f3 que la Central ir\u00e1 al paro general el 25 de junio. Los dirigentes y las dirigentas celebraron la media sanci\u00f3n del proyecto de ley que legaliza el aborto. [&hellip;]<\/p>\n","protected":false},"author":1,"featured_media":19220,"comment_status":"open","ping_status":"open","sticky":false,"template":"","format":"standard","meta":{"_exactmetrics_skip_tracking":false,"_exactmetrics_sitenote_active":false,"_exactmetrics_sitenote_note":"","_exactmetrics_sitenote_category":0,"jnews-multi-image_gallery":[],"jnews_single_post":[],"jnews_primary_category":[],"jnews_social_meta":[],"jnews_review":[],"enable_review":"","type":"","name":"","summary":"","brand":"","sku":"","good":[],"bad":[],"score_override":"","override_value":"","rating":[],"price":[],"jnews_override_counter":[],"jnews_post_split":[],"footnotes":""},"categories":[21],"tags":[],"class_list":["post-10128","post","type-post","status-publish","format-standard","has-post-thumbnail","hentry","category-paro-nacional"],"jetpack_featured_media_url":"https:\/\/atecordoba.org\/wp-content\/uploads\/2020\/05\/logo-nuevochico-e1561581322808.png","_links":{"self":[{"href":"https:\/\/atecordoba.org\/index.php?rest_route=\/wp\/v2\/posts\/10128","targetHints":{"allow":["GET"]}}],"collection":[{"href":"https:\/\/atecordoba.org\/index.php?rest_route=\/wp\/v2\/posts"}],"about":[{"href":"https:\/\/atecordoba.org\/index.php?rest_route=\/wp\/v2\/types\/post"}],"author":[{"embeddable":true,"href":"https:\/\/atecordoba.org\/index.php?rest_route=\/wp\/v2\/users\/1"}],"replies":[{"embeddable":true,"href":"https:\/\/atecordoba.org\/index.php?rest_route=%2Fwp%2Fv2%2Fcomments&post=10128"}],"version-history":[{"count":0,"href":"https:\/\/atecordoba.org\/index.php?rest_route=\/wp\/v2\/posts\/10128\/revisions"}],"wp:featuredmedia":[{"embeddable":true,"href":"https:\/\/atecordoba.org\/index.php?rest_route=\/wp\/v2\/media\/19220"}],"wp:attachment":[{"href":"https:\/\/atecordoba.org\/index.php?rest_route=%2Fwp%2Fv2%2Fmedia&parent=10128"}],"wp:term":[{"taxonomy":"category","embeddable":true,"href":"https:\/\/atecordoba.org\/index.php?rest_route=%2Fwp%2Fv2%2Fcategories&post=10128"},{"taxonomy":"post_tag","embeddable":true,"href":"https:\/\/atecordoba.org\/index.php?rest_route=%2Fwp%2Fv2%2Ftags&post=10128"}],"curies":[{"name":"wp","href":"https:\/\/api.w.org\/{rel}","templated":true}]}}