{"id":10120,"date":"2018-06-13T15:59:35","date_gmt":"2018-06-13T18:59:35","guid":{"rendered":"http:\/\/www.atecordoba.org\/?p=10120"},"modified":"2020-06-09T16:51:01","modified_gmt":"2020-06-09T19:51:01","slug":"ate-senasa-en-lucha-en-todo-el-pais-por-nuevos-despidos","status":"publish","type":"post","link":"https:\/\/atecordoba.org\/?p=10120","title":{"rendered":"ATE Senasa en lucha en todo el pa\u00eds por nuevos despidos"},"content":{"rendered":"<p><em>En R\u00edo Cuarto fue despedido un delegado, miembro de la comisi\u00f3n directiva de la seccional. Otras cesant\u00edas se registraron en La Pampa y San Luis.<\/em><\/p>\n<p><img loading=\"lazy\" decoding=\"async\" class=\"aligncenter size-full wp-image-10121\" src=\"http:\/\/atecordoba.org\/wp-content\/uploads\/2020\/06\/rio-4\u00ba-e1528916340167.jpg\" alt=\"\" width=\"550\" height=\"413\"><\/p>\n<p style=\"font-weight: 400;\">En el marco de las pol\u00edticas de achicamiento del Estado que lleva adelante el gobierno nacional, ha llegado nuevamente una ola de despidos en un organismo de vital importancia como es Senasa. El primer despido de un trabajador estatal en R\u00edo Cuarto es miembro de la Comisi\u00f3n Directiva de ATE.<\/p>\n<p style=\"font-weight: 400;\">Por esto, los trabajadores y trabajadoras realizaron una manifestaci\u00f3n frente a la sede del organismo sanitario. Los listados que trascendieron se\u00f1alan una cantidad de 200 trabajadores y trabajadoras despedidas en las distintas dependencias del organismo en todo el pa\u00eds.<\/p>\n<p style=\"font-weight: 400;\">Walter Avalos, Secretario General de ATE R\u00edo Cuarto, explic\u00f3 que \u201chay trabajadores despedidos del Centro Regional de la provincia de C\u00f3rdoba, y un compa\u00f1ero de R\u00edo Cuarto que adem\u00e1s de ser un trabajador del SENASA con 10 a\u00f1os de antig\u00fcedad es miembro de la Comisi\u00f3n Directiva de la seccional, Revisor de Cuentas Titular, con lo cual tiene fueros gremiales, pero este gobierno avanza sobre los trabajadores son ni ning\u00fan criterio\u201d.<\/p>\n<p style=\"font-weight: 400;\">Esto tiene que ver con el achicamiento del Estado que est\u00e1 llevando adelante el gobierno nacional, y con darle paso a las empresas privadas, un achicamiento que tiene dos facetas, por un lado que el Estado no controle nada, y por el otro bajarles los costos a las patronales empresarias\u201d, denunci\u00f3 Avalos. &nbsp;<\/p>\n<p style=\"font-weight: 400;\">Por \u00faltimo, el dirigente estatal reivindic\u00f3 que \u201cHay que volver a esas pol\u00edticas que obligan a pagar m\u00e1s a los que m\u00e1s tienen, no como ahora que somos los trabajadores los que estamos pagando la fiesta de la timba financiera del gobierno nacional y todos los especuladores\u201d.<\/p>\n<p style=\"font-weight: 400;\"><strong>La Pampa: Denuncian ocho nuevos despidos<\/strong><\/p>\n<p style=\"font-weight: 400;\">Seg\u00fan dio a conocer ATE, siete pertenecen a la oficina local y uno a la delegaci\u00f3n de San Luis. Hay paro por tiempo indeterminado.<\/p>\n<p style=\"font-weight: 400;\">El Gobierno nacional sigue con la ola de despidos en la administraci\u00f3n p\u00fablica. Este lunes anunciaron nuevas cesant\u00edas en el SENASA: son seis despedidos en Santa Rosa, uno en General Pico y otro en la delegaci\u00f3n de San Luis, que depende de la misma regional.<\/p>\n<p style=\"font-weight: 400;\">En la delegaci\u00f3n de Santa Rosa hicieron una asamblea esta ma\u00f1ana donde decidieron un paro por tiempo indeterminado. El mes pasado hubo otros cuatro despidos, aunque en dos casos se logr\u00f3 la reincorporaci\u00f3n: La semana pasada las autoridades debieron reincorporar a Juana Rodr\u00edguez (58) a quien le faltaban dos a\u00f1os para jubilarse, y a otro trabajador que hab\u00eda sido cesanteado.<\/p>\n","protected":false},"excerpt":{"rendered":"<p>En R\u00edo Cuarto fue despedido un delegado, miembro de la comisi\u00f3n directiva de la seccional. Otras cesant\u00edas se registraron en La Pampa y San Luis. En el marco de las pol\u00edticas de achicamiento del Estado que lleva adelante el gobierno nacional, ha llegado nuevamente una ola de despidos en un organismo de vital importancia como [&hellip;]<\/p>\n","protected":false},"author":1,"featured_media":19220,"comment_status":"open","ping_status":"open","sticky":false,"template":"","format":"standard","meta":{"_exactmetrics_skip_tracking":false,"_exactmetrics_sitenote_active":false,"_exactmetrics_sitenote_note":"","_exactmetrics_sitenote_category":0,"jnews-multi-image_gallery":[],"jnews_single_post":[],"jnews_primary_category":[],"jnews_social_meta":[],"jnews_review":[],"enable_review":"","type":"","name":"","summary":"","brand":"","sku":"","good":[],"bad":[],"score_override":"","override_value":"","rating":[],"price":[],"jnews_override_counter":[],"jnews_post_split":[],"footnotes":""},"categories":[12,34,112],"tags":[],"class_list":["post-10120","post","type-post","status-publish","format-standard","has-post-thumbnail","hentry","category-rio-cuarto","category-seccionales","category-senasa"],"jetpack_featured_media_url":"https:\/\/atecordoba.org\/wp-content\/uploads\/2020\/05\/logo-nuevochico-e1561581322808.png","_links":{"self":[{"href":"https:\/\/atecordoba.org\/index.php?rest_route=\/wp\/v2\/posts\/10120","targetHints":{"allow":["GET"]}}],"collection":[{"href":"https:\/\/atecordoba.org\/index.php?rest_route=\/wp\/v2\/posts"}],"about":[{"href":"https:\/\/atecordoba.org\/index.php?rest_route=\/wp\/v2\/types\/post"}],"author":[{"embeddable":true,"href":"https:\/\/atecordoba.org\/index.php?rest_route=\/wp\/v2\/users\/1"}],"replies":[{"embeddable":true,"href":"https:\/\/atecordoba.org\/index.php?rest_route=%2Fwp%2Fv2%2Fcomments&post=10120"}],"version-history":[{"count":1,"href":"https:\/\/atecordoba.org\/index.php?rest_route=\/wp\/v2\/posts\/10120\/revisions"}],"predecessor-version":[{"id":20083,"href":"https:\/\/atecordoba.org\/index.php?rest_route=\/wp\/v2\/posts\/10120\/revisions\/20083"}],"wp:featuredmedia":[{"embeddable":true,"href":"https:\/\/atecordoba.org\/index.php?rest_route=\/wp\/v2\/media\/19220"}],"wp:attachment":[{"href":"https:\/\/atecordoba.org\/index.php?rest_route=%2Fwp%2Fv2%2Fmedia&parent=10120"}],"wp:term":[{"taxonomy":"category","embeddable":true,"href":"https:\/\/atecordoba.org\/index.php?rest_route=%2Fwp%2Fv2%2Fcategories&post=10120"},{"taxonomy":"post_tag","embeddable":true,"href":"https:\/\/atecordoba.org\/index.php?rest_route=%2Fwp%2Fv2%2Ftags&post=10120"}],"curies":[{"name":"wp","href":"https:\/\/api.w.org\/{rel}","templated":true}]}}