{"id":10117,"date":"2018-06-11T11:33:30","date_gmt":"2018-06-11T14:33:30","guid":{"rendered":"http:\/\/www.atecordoba.org\/?p=10117"},"modified":"2018-06-11T11:33:30","modified_gmt":"2018-06-11T14:33:30","slug":"la-cta-autonoma-convoca-a-paro-nacional-el-19-de-junio","status":"publish","type":"post","link":"https:\/\/atecordoba.org\/?p=10117","title":{"rendered":"La CTA Aut\u00f3noma convoca a Paro Nacional el 19 de junio"},"content":{"rendered":"<p><em>La medida de fuerza se realizar\u00e1 en todo el pa\u00eds, aunque&nbsp;la fecha queda abierta para coordinar con otras organizaciones.<\/em><\/p>\n<p><img loading=\"lazy\" decoding=\"async\" class=\"aligncenter size-full wp-image-10118\" src=\"http:\/\/www.atecordoba.org\/wp-content\/uploads\/2018\/06\/bombos-cta-e1528727539191.jpg\" alt=\"\" width=\"550\" height=\"366\"><\/p>\n<p style=\"font-weight: 400;\">La CTA Aut\u00f3noma convoca a un Paro Nacional con Movilizaci\u00f3n para el pr\u00f3ximo martes 19 de junio, cumpliendo con el compromiso asumido durante la Marcha Federal de convocar una medida de fuerza en el transcurso de este mes.<\/p>\n<p style=\"font-weight: 400;\">La fecha queda abierta para coordinar con otras organizaciones. Con esta propuesta la Mesa Nacional de la CTA-A resuelve avanzar en las negociaciones con otros sindicatos y organizaciones.<\/p>\n<p>&nbsp;<\/p>\n","protected":false},"excerpt":{"rendered":"<p>La medida de fuerza se realizar\u00e1 en todo el pa\u00eds, aunque&nbsp;la fecha queda abierta para coordinar con otras organizaciones. La CTA Aut\u00f3noma convoca a un Paro Nacional con Movilizaci\u00f3n para el pr\u00f3ximo martes 19 de junio, cumpliendo con el compromiso asumido durante la Marcha Federal de convocar una medida de fuerza en el transcurso de [&hellip;]<\/p>\n","protected":false},"author":1,"featured_media":19220,"comment_status":"open","ping_status":"open","sticky":false,"template":"","format":"standard","meta":{"_exactmetrics_skip_tracking":false,"_exactmetrics_sitenote_active":false,"_exactmetrics_sitenote_note":"","_exactmetrics_sitenote_category":0,"jnews-multi-image_gallery":[],"jnews_single_post":[],"jnews_primary_category":[],"jnews_social_meta":[],"jnews_review":[],"enable_review":"","type":"","name":"","summary":"","brand":"","sku":"","good":[],"bad":[],"score_override":"","override_value":"","rating":[],"price":[],"jnews_override_counter":[],"jnews_post_split":[],"footnotes":""},"categories":[92,21],"tags":[],"class_list":["post-10117","post","type-post","status-publish","format-standard","has-post-thumbnail","hentry","category-cta","category-paro-nacional"],"jetpack_featured_media_url":"https:\/\/atecordoba.org\/wp-content\/uploads\/2020\/05\/logo-nuevochico-e1561581322808.png","_links":{"self":[{"href":"https:\/\/atecordoba.org\/index.php?rest_route=\/wp\/v2\/posts\/10117","targetHints":{"allow":["GET"]}}],"collection":[{"href":"https:\/\/atecordoba.org\/index.php?rest_route=\/wp\/v2\/posts"}],"about":[{"href":"https:\/\/atecordoba.org\/index.php?rest_route=\/wp\/v2\/types\/post"}],"author":[{"embeddable":true,"href":"https:\/\/atecordoba.org\/index.php?rest_route=\/wp\/v2\/users\/1"}],"replies":[{"embeddable":true,"href":"https:\/\/atecordoba.org\/index.php?rest_route=%2Fwp%2Fv2%2Fcomments&post=10117"}],"version-history":[{"count":0,"href":"https:\/\/atecordoba.org\/index.php?rest_route=\/wp\/v2\/posts\/10117\/revisions"}],"wp:featuredmedia":[{"embeddable":true,"href":"https:\/\/atecordoba.org\/index.php?rest_route=\/wp\/v2\/media\/19220"}],"wp:attachment":[{"href":"https:\/\/atecordoba.org\/index.php?rest_route=%2Fwp%2Fv2%2Fmedia&parent=10117"}],"wp:term":[{"taxonomy":"category","embeddable":true,"href":"https:\/\/atecordoba.org\/index.php?rest_route=%2Fwp%2Fv2%2Fcategories&post=10117"},{"taxonomy":"post_tag","embeddable":true,"href":"https:\/\/atecordoba.org\/index.php?rest_route=%2Fwp%2Fv2%2Ftags&post=10117"}],"curies":[{"name":"wp","href":"https:\/\/api.w.org\/{rel}","templated":true}]}}