{"id":10110,"date":"2018-06-04T11:44:04","date_gmt":"2018-06-04T14:44:04","guid":{"rendered":"http:\/\/www.atecordoba.org\/?p=10110"},"modified":"2020-06-09T15:36:44","modified_gmt":"2020-06-09T18:36:44","slug":"niunamenos-ate-convoca-a-movilizar","status":"publish","type":"post","link":"https:\/\/atecordoba.org\/?p=10110","title":{"rendered":"#Niunamenos: ATE convoca a movilizar"},"content":{"rendered":"<p>El Consejo Directivo Provincial convoca a afiliadas, afiliados y trabajadores en general del Estado a participar de la movilizaci\u00f3n que se llevar\u00e1 a cabo hoy&nbsp; a las 18 horas en el marco de la jornada #Niunamenos y por la legalizaci\u00f3n del aborto.<\/p>\n<p><img loading=\"lazy\" decoding=\"async\" class=\"aligncenter size-full wp-image-10111\" src=\"http:\/\/atecordoba.org\/wp-content\/uploads\/2020\/06\/niunamenos-ate-e1528123336901.png\" alt=\"\" width=\"550\" height=\"367\"><\/p>\n<p>La convocatoria es en la esquina de Col\u00f3n y Ca\u00f1ada, bajo el lema&nbsp;<strong><span style=\"font-family: Calibri, Helvetica, sans-serif;\">&#8216;Vivas, libres, con trabajo y desendeudas nos queremos!&#8217;<\/span><\/strong><\/p>\n<p>Sostenemos una vez m\u00e1s el compromiso asumido por nuestra organizaci\u00f3n por las banderas del movimiento de mujeres. \u00a1Hoy todas\/os a marchar!<\/p>\n","protected":false},"excerpt":{"rendered":"<p>El Consejo Directivo Provincial convoca a afiliadas, afiliados y trabajadores en general del Estado a participar de la movilizaci\u00f3n que se llevar\u00e1 a cabo hoy&nbsp; a las 18 horas en el marco de la jornada #Niunamenos y por la legalizaci\u00f3n del aborto. La convocatoria es en la esquina de Col\u00f3n y Ca\u00f1ada, bajo el lema&nbsp;&#8216;Vivas, [&hellip;]<\/p>\n","protected":false},"author":1,"featured_media":19220,"comment_status":"open","ping_status":"open","sticky":false,"template":"","format":"standard","meta":{"_exactmetrics_skip_tracking":false,"_exactmetrics_sitenote_active":false,"_exactmetrics_sitenote_note":"","_exactmetrics_sitenote_category":0,"jnews-multi-image_gallery":[],"jnews_single_post":[],"jnews_primary_category":[],"jnews_social_meta":[],"jnews_review":[],"enable_review":"","type":"","name":"","summary":"","brand":"","sku":"","good":[],"bad":[],"score_override":"","override_value":"","rating":[],"price":[],"jnews_override_counter":[],"jnews_post_split":[],"footnotes":""},"categories":[325],"tags":[],"class_list":["post-10110","post","type-post","status-publish","format-standard","has-post-thumbnail","hentry","category-generos-y-diversidades"],"jetpack_featured_media_url":"https:\/\/atecordoba.org\/wp-content\/uploads\/2020\/05\/logo-nuevochico-e1561581322808.png","_links":{"self":[{"href":"https:\/\/atecordoba.org\/index.php?rest_route=\/wp\/v2\/posts\/10110","targetHints":{"allow":["GET"]}}],"collection":[{"href":"https:\/\/atecordoba.org\/index.php?rest_route=\/wp\/v2\/posts"}],"about":[{"href":"https:\/\/atecordoba.org\/index.php?rest_route=\/wp\/v2\/types\/post"}],"author":[{"embeddable":true,"href":"https:\/\/atecordoba.org\/index.php?rest_route=\/wp\/v2\/users\/1"}],"replies":[{"embeddable":true,"href":"https:\/\/atecordoba.org\/index.php?rest_route=%2Fwp%2Fv2%2Fcomments&post=10110"}],"version-history":[{"count":1,"href":"https:\/\/atecordoba.org\/index.php?rest_route=\/wp\/v2\/posts\/10110\/revisions"}],"predecessor-version":[{"id":19956,"href":"https:\/\/atecordoba.org\/index.php?rest_route=\/wp\/v2\/posts\/10110\/revisions\/19956"}],"wp:featuredmedia":[{"embeddable":true,"href":"https:\/\/atecordoba.org\/index.php?rest_route=\/wp\/v2\/media\/19220"}],"wp:attachment":[{"href":"https:\/\/atecordoba.org\/index.php?rest_route=%2Fwp%2Fv2%2Fmedia&parent=10110"}],"wp:term":[{"taxonomy":"category","embeddable":true,"href":"https:\/\/atecordoba.org\/index.php?rest_route=%2Fwp%2Fv2%2Fcategories&post=10110"},{"taxonomy":"post_tag","embeddable":true,"href":"https:\/\/atecordoba.org\/index.php?rest_route=%2Fwp%2Fv2%2Ftags&post=10110"}],"curies":[{"name":"wp","href":"https:\/\/api.w.org\/{rel}","templated":true}]}}