{"id":10106,"date":"2018-06-04T10:46:51","date_gmt":"2018-06-04T13:46:51","guid":{"rendered":"http:\/\/www.atecordoba.org\/?p=10106"},"modified":"2020-07-02T11:28:33","modified_gmt":"2020-07-02T14:28:33","slug":"trabajadores-de-ambiente-de-la-provincia-eligieron-delegados-de-ate","status":"publish","type":"post","link":"https:\/\/atecordoba.org\/?p=10106","title":{"rendered":"Trabajadores de Ambiente de la provincia eligieron delegados de ATE"},"content":{"rendered":"<p><em>El mi\u00e9rcoles pasado se llev\u00f3 a cabo la elecci\u00f3n de representantes gremiales en la Secretaria de Ambiente y Cambio Clim\u00e1tico de la provincia.<\/em><\/p>\n<p><img loading=\"lazy\" decoding=\"async\" class=\"aligncenter size-full wp-image-10107\" src=\"http:\/\/www.atecordoba.org\/wp-content\/uploads\/2018\/06\/WhatsApp-Image-2018-05-30-at-16.58.46-1-e1528119912433.jpeg\" alt=\"\" width=\"400\" height=\"533\"><\/p>\n<p>A pesar de los intentos de los funcionarios del organismo por impedir la organizaci\u00f3n gremiales de los trabajadores, fue importante la concurrencia de trabajadores para votar el mi\u00e9rcoles pasado a los tres delegados de ATE, que tendr\u00e1n mandato por los pr\u00f3ximos dos a\u00f1os. Se trata de los compa\u00f1eros&nbsp;Walter Trujillo,&nbsp;Carlos Demin y&nbsp;Fabian Raspagno electos tras la jornada electoral realizada en la sede de avenida Richieri.<\/p>\n<p>Los compa\u00f1eros tienen un temario para abordar de problem\u00e1ticas propias del sector, con demandas que los trabajadores vienen planteando hace tiempo, como es&nbsp;avanzar en un proyecto de categorizaci\u00f3n de guardia parques provinciales, que actualmente no existen estatutariamente, y regularizar la situaci\u00f3n de contratados y becarios, v\u00edctimas del abuso de esas figuras contractuales por la patronal.<\/p>\n<p><img loading=\"lazy\" decoding=\"async\" class=\"aligncenter size-full wp-image-10108\" src=\"http:\/\/www.atecordoba.org\/wp-content\/uploads\/2018\/06\/WhatsApp-Image-2018-05-30-at-16.58.45-e1528119943428.jpeg\" alt=\"\" width=\"550\" height=\"413\"><\/p>\n<p>En la oportunidad estuvieron presentes los compa\u00f1eros del CDP Victor Lecuona, secretario de Organizaci\u00f3n, Diego Guerra, secretario Gremial, y el delegados de Parques Nacionales, Leonardo Barros Caro.&nbsp;<\/p>\n<p>&nbsp;<\/p>\n","protected":false},"excerpt":{"rendered":"<p>El mi\u00e9rcoles pasado se llev\u00f3 a cabo la elecci\u00f3n de representantes gremiales en la Secretaria de Ambiente y Cambio Clim\u00e1tico de la provincia. A pesar de los intentos de los funcionarios del organismo por impedir la organizaci\u00f3n gremiales de los trabajadores, fue importante la concurrencia de trabajadores para votar el mi\u00e9rcoles pasado a los tres [&hellip;]<\/p>\n","protected":false},"author":1,"featured_media":19220,"comment_status":"open","ping_status":"open","sticky":false,"template":"","format":"standard","meta":{"_exactmetrics_skip_tracking":false,"_exactmetrics_sitenote_active":false,"_exactmetrics_sitenote_note":"","_exactmetrics_sitenote_category":0,"jnews-multi-image_gallery":[],"jnews_single_post":[],"jnews_primary_category":[],"jnews_social_meta":[],"jnews_review":[],"enable_review":"","type":"","name":"","summary":"","brand":"","sku":"","good":[],"bad":[],"score_override":"","override_value":"","rating":[],"price":[],"jnews_override_counter":[],"jnews_post_split":[],"footnotes":""},"categories":[341,8,34],"tags":[398],"class_list":["post-10106","post","type-post","status-publish","format-standard","has-post-thumbnail","hentry","category-cdp","category-provinciales","category-seccionales","tag-ambiente-provincial"],"jetpack_featured_media_url":"https:\/\/atecordoba.org\/wp-content\/uploads\/2020\/05\/logo-nuevochico-e1561581322808.png","_links":{"self":[{"href":"https:\/\/atecordoba.org\/index.php?rest_route=\/wp\/v2\/posts\/10106","targetHints":{"allow":["GET"]}}],"collection":[{"href":"https:\/\/atecordoba.org\/index.php?rest_route=\/wp\/v2\/posts"}],"about":[{"href":"https:\/\/atecordoba.org\/index.php?rest_route=\/wp\/v2\/types\/post"}],"author":[{"embeddable":true,"href":"https:\/\/atecordoba.org\/index.php?rest_route=\/wp\/v2\/users\/1"}],"replies":[{"embeddable":true,"href":"https:\/\/atecordoba.org\/index.php?rest_route=%2Fwp%2Fv2%2Fcomments&post=10106"}],"version-history":[{"count":1,"href":"https:\/\/atecordoba.org\/index.php?rest_route=\/wp\/v2\/posts\/10106\/revisions"}],"predecessor-version":[{"id":20544,"href":"https:\/\/atecordoba.org\/index.php?rest_route=\/wp\/v2\/posts\/10106\/revisions\/20544"}],"wp:featuredmedia":[{"embeddable":true,"href":"https:\/\/atecordoba.org\/index.php?rest_route=\/wp\/v2\/media\/19220"}],"wp:attachment":[{"href":"https:\/\/atecordoba.org\/index.php?rest_route=%2Fwp%2Fv2%2Fmedia&parent=10106"}],"wp:term":[{"taxonomy":"category","embeddable":true,"href":"https:\/\/atecordoba.org\/index.php?rest_route=%2Fwp%2Fv2%2Fcategories&post=10106"},{"taxonomy":"post_tag","embeddable":true,"href":"https:\/\/atecordoba.org\/index.php?rest_route=%2Fwp%2Fv2%2Ftags&post=10106"}],"curies":[{"name":"wp","href":"https:\/\/api.w.org\/{rel}","templated":true}]}}