{"id":10101,"date":"2018-05-31T11:30:40","date_gmt":"2018-05-31T14:30:40","guid":{"rendered":"http:\/\/www.atecordoba.org\/?p=10101"},"modified":"2020-05-14T10:18:12","modified_gmt":"2020-05-14T13:18:12","slug":"ate-rechazo-la-magra-propuesta-salarial-de-macri-y-va-al-paro-en-todo-el-pais","status":"publish","type":"post","link":"https:\/\/atecordoba.org\/?p=10101","title":{"rendered":"ATE rechaz\u00f3 la magra propuesta salarial de Macri y va al paro en todo el pa\u00eds"},"content":{"rendered":"<p><em>La conducci\u00f3n nacional rechaz\u00f3 el techo del 12% y los pagos en negro, reclam\u00f3 5000 pesos para compensar la p\u00e9rdida salarial del 2017 y afirm\u00f3 que cualquier acuerdo debe estar atado a la inflaci\u00f3n. En C\u00f3rdoba ATE moviliza frente\u00a0al Anses junto a otras organizaciones sociales.<\/em><\/p>\n<p><img loading=\"lazy\" decoding=\"async\" class=\"aligncenter size-full wp-image-10102\" src=\"http:\/\/atecordoba.org\/wp-content\/uploads\/2020\/05\/paro-nacional-1-6-flyer-e1527777009366.jpg\" alt=\"\" width=\"400\" height=\"547\" \/><\/p>\n<p>De esta forma nuestro gremio rechaz\u00f3 la propuesta del gobierno nacional, que pretende que los estatales vayamos a p\u00e9rdida en nuestros salarios durante el 2018, en el marco de un proceso de p\u00e9rdida de capacidad adquisitiva, que ya impact\u00f3 de lleno sobre el bolsillo de los trabajadores durante los \u00faltimos dos a\u00f1os.<\/p>\n<p>Esta misma situaci\u00f3n se hace extensiva a los compa\u00f1eros provinciales y municipales, con ingresos que no alcanzan para que una familia llegue a fin de mes. Por eso reclamamos que el piso de los salarios garantice la canasta familiar.<\/p>\n<p>Al mismo tiempo, rechazamos la vigencia de los tarifazos, una de las causas principales de la escalada inflacionaria.<\/p>\n<p>En esa l\u00ednea, exigimos el cese de los despidos y la reincorporaci\u00f3n de todos los compa\u00f1eros despedidos.<\/p>\n<p>En consecuencia, convocamos a todos los trabajadores a concentrarnos ma\u00f1ana 1\u00ba de junio, a partir de las 10 horas en Rivadavia 10, frente a la plaza San Mart\u00edn, en sede de Anses, donde se resentir\u00e1 la atenci\u00f3n al p\u00fablico.<\/p>\n<p style=\"text-align: right;\">Liliana Salerno<\/p>\n<p style=\"text-align: right;\">Secretaria General<\/p>\n<p>&nbsp;<\/p>\n","protected":false},"excerpt":{"rendered":"<p>La conducci\u00f3n nacional rechaz\u00f3 el techo del 12% y los pagos en negro, reclam\u00f3 5000 pesos para compensar la p\u00e9rdida salarial del 2017 y afirm\u00f3 que cualquier acuerdo debe estar atado a la inflaci\u00f3n. En C\u00f3rdoba ATE moviliza frente\u00a0al Anses junto a otras organizaciones sociales. De esta forma nuestro gremio rechaz\u00f3 la propuesta del gobierno [&hellip;]<\/p>\n","protected":false},"author":1,"featured_media":14687,"comment_status":"open","ping_status":"open","sticky":false,"template":"","format":"standard","meta":{"_exactmetrics_skip_tracking":false,"_exactmetrics_sitenote_active":false,"_exactmetrics_sitenote_note":"","_exactmetrics_sitenote_category":0,"jnews-multi-image_gallery":[],"jnews_single_post":{"subtitle":"","format":"standard","video":"","gallery":"","source_name":"","source_url":"","via_name":"","via_url":"","override_template":"0","override":[{"template":"1","single_blog_custom":"","parallax":"1","fullscreen":"0","layout":"right-sidebar","sidebar":"default-sidebar","second_sidebar":"default-sidebar","sticky_sidebar":"1","share_position":"top","share_float_style":"share-monocrhome","show_share_counter":"1","show_view_counter":"1","show_featured":"1","show_post_meta":"1","show_post_author":"1","show_post_author_image":"1","show_post_date":"1","post_date_format":"default","post_date_format_custom":"Y\/m\/d","show_post_category":"1","show_post_reading_time":"0","post_reading_time_wpm":"300","show_zoom_button":"0","zoom_button_out_step":"2","zoom_button_in_step":"3","show_post_tag":"1","show_prev_next_post":"1","show_popup_post":"1","number_popup_post":"1","show_author_box":"0","show_post_related":"0","show_inline_post_related":"0"}],"override_image_size":"0","image_override":[{"single_post_thumbnail_size":"crop-500","single_post_gallery_size":"crop-500"}],"trending_post":"0","trending_post_position":"meta","trending_post_label":"Trending","sponsored_post":"0","sponsored_post_label":"Sponsored by","sponsored_post_name":"","sponsored_post_url":"","sponsored_post_logo_enable":"0","sponsored_post_logo":"","sponsored_post_desc":""},"jnews_primary_category":{"id":""},"jnews_social_meta":{"fb_title":"","fb_description":"","fb_image":"","twitter_title":"","twitter_description":"","twitter_image":""},"jnews_review":[],"enable_review":"0","type":"percentage","name":"","summary":"","brand":"","sku":"","good":[{"good_text":""}],"bad":[{"bad_text":""}],"score_override":"","override_value":"","rating":[{"rating_text":"","rating_number":"10"}],"price":[{"shop":"","price":"","link":"","icon":""}],"jnews_override_counter":{"override_view_counter":"0","view_counter_number":"0","override_share_counter":"0","share_counter_number":"0","override_like_counter":"0","like_counter_number":"0","override_dislike_counter":"0","dislike_counter_number":"0"},"jnews_post_split":{"enable_post_split":"0","post_split":[{"template":"1","tag":"h2","numbering":"asc","mode":"normal"}]},"footnotes":""},"categories":[53],"tags":[],"class_list":["post-10101","post","type-post","status-publish","format-standard","has-post-thumbnail","hentry","category-comunicados-de-prensa"],"jetpack_featured_media_url":"https:\/\/atecordoba.org\/wp-content\/uploads\/2020\/05\/paro-nacional-1-6-flyer-e1527777009366.jpg","_links":{"self":[{"href":"https:\/\/atecordoba.org\/index.php?rest_route=\/wp\/v2\/posts\/10101","targetHints":{"allow":["GET"]}}],"collection":[{"href":"https:\/\/atecordoba.org\/index.php?rest_route=\/wp\/v2\/posts"}],"about":[{"href":"https:\/\/atecordoba.org\/index.php?rest_route=\/wp\/v2\/types\/post"}],"author":[{"embeddable":true,"href":"https:\/\/atecordoba.org\/index.php?rest_route=\/wp\/v2\/users\/1"}],"replies":[{"embeddable":true,"href":"https:\/\/atecordoba.org\/index.php?rest_route=%2Fwp%2Fv2%2Fcomments&post=10101"}],"version-history":[{"count":1,"href":"https:\/\/atecordoba.org\/index.php?rest_route=\/wp\/v2\/posts\/10101\/revisions"}],"predecessor-version":[{"id":19352,"href":"https:\/\/atecordoba.org\/index.php?rest_route=\/wp\/v2\/posts\/10101\/revisions\/19352"}],"wp:featuredmedia":[{"embeddable":true,"href":"https:\/\/atecordoba.org\/index.php?rest_route=\/wp\/v2\/media\/14687"}],"wp:attachment":[{"href":"https:\/\/atecordoba.org\/index.php?rest_route=%2Fwp%2Fv2%2Fmedia&parent=10101"}],"wp:term":[{"taxonomy":"category","embeddable":true,"href":"https:\/\/atecordoba.org\/index.php?rest_route=%2Fwp%2Fv2%2Fcategories&post=10101"},{"taxonomy":"post_tag","embeddable":true,"href":"https:\/\/atecordoba.org\/index.php?rest_route=%2Fwp%2Fv2%2Ftags&post=10101"}],"curies":[{"name":"wp","href":"https:\/\/api.w.org\/{rel}","templated":true}]}}