{"id":10098,"date":"2018-05-31T10:35:05","date_gmt":"2018-05-31T13:35:05","guid":{"rendered":"http:\/\/www.atecordoba.org\/?p=10098"},"modified":"2018-05-31T10:35:05","modified_gmt":"2018-05-31T13:35:05","slug":"el-63o-congreso-ordinario-de-ate-aprobo-la-memoria-y-balance","status":"publish","type":"post","link":"https:\/\/atecordoba.org\/?p=10098","title":{"rendered":"El 63\u00ba Congreso Ordinario de ATE aprob\u00f3 la Memoria y Balance"},"content":{"rendered":"<p class=\"copete\"><em>El Congreso sesion\u00f3 con la participaci\u00f3n de 144 delegados congresales, en Huerta Grande.<\/em><\/p>\n<p><img loading=\"lazy\" decoding=\"async\" class=\"aligncenter size-full wp-image-10099\" src=\"http:\/\/www.atecordoba.org\/wp-content\/uploads\/2018\/05\/votacion2-e1527773655362.jpg\" alt=\"\" width=\"550\" height=\"367\"><\/p>\n<p style=\"font-weight: 400;\"><span style=\"font-style: inherit; font-weight: inherit;\">Con la participaci\u00f3n de 144 Delegados Congresales de todo el pa\u00eds sesion\u00f3 el 63\u00ba Congreso Ordinario de ATE en Huerta Grande, C\u00f3rdoba que por unanimidad aprob\u00f3 la Memoria y Balance de lo actuado por la organizaci\u00f3n gremial en 2017. A continuaci\u00f3n, se dar\u00e1 inicio al 52\u00b0 Congreso Extraordinario.<\/span><\/p>\n<p style=\"font-weight: 400;\"><b><strong style=\"font-style: inherit;\"><span style=\"font-style: inherit; font-weight: inherit;\">Apertura<\/span><\/strong><\/b><\/p>\n<p style=\"font-weight: 400;\"><span style=\"font-style: inherit; font-weight: inherit;\">En el inicio fue designada la Comisi\u00f3n&nbsp; de Poderes que conforman los compa\u00f1eros Julio Miguenz (ATE-Provincia de Buenos Aires), Rosa \u00d1anco (ATE- R\u00edo Negro) y Daniel Ibarra (ATE \u2013 Tucum\u00e1n), quienes confirmaron que existe qu\u00f3rum para que sesione este Congreso.<\/span><\/p>\n<p style=\"font-weight: 400;\"><span style=\"font-style: inherit; font-weight: inherit;\">Este a\u00f1o se defini\u00f3 que el Congreso lleve el nombre de Laura Iglesias, trabajadora y delegada estatal de la provincia de Buenos Aires, a cinco a\u00f1os de su femicidio, y el de Eduardo Sotelo, a un a\u00f1o del fallecimiento del joven trabajador de Parques Nacionales de la Provincia de R\u00edo Negro.<\/span><\/p>\n<p style=\"font-weight: 400;\"><span style=\"font-style: inherit; font-weight: inherit;\">Griselda Cavallieri, secretaria de Acci\u00f3n Pol\u00edtica de la ATE bonaerense, se expres\u00f3 sobre el femicidio de Laura Iglesias: &#8220;No solo muri\u00f3 por ser mujer sino por las condiciones precarias de trabajo. Ella como delegada de ATE ven\u00eda denunciando las malas pol\u00edticas p\u00fablicas y las deficientes condiciones laborales a las que las compa\u00f1eras eran sometidas&#8221;.<\/span><\/p>\n<p style=\"font-weight: 400;\"><span style=\"font-style: inherit; font-weight: inherit;\">Luego se realiz\u00f3 la elecci\u00f3n de la Mesa de autoridades del Congreso, que qued\u00f3 conformada por Liliana Salerno, secretaria general de ATE C\u00f3rdoba; Mario Bustamante, secretario general de ATE Chaco; Olga Reinoso, secretaria de organizaci\u00f3n de ATE Santa Cruz, y Mat\u00edas Brizuela, secretario general de ATE Jujuy. &nbsp;<\/span><\/p>\n<p style=\"font-weight: 400;\"><span style=\"font-style: inherit; font-weight: inherit;\">Finalmente se dio lectura del informe de la Comisi\u00f3n Revisora de Cuentas&nbsp; sobre el per\u00edodo 2017, tras lo cual los y las congresales aprobaron por unanimidad la Memoria y Balance.<\/span><\/p>\n<p style=\"font-weight: 400;\"><b><strong style=\"font-style: inherit;\"><span style=\"font-style: inherit; font-weight: inherit;\">Conmemoraci\u00f3n del Cordobazo<\/span><\/strong><\/b><\/p>\n<p style=\"font-weight: 400;\"><span style=\"font-style: inherit; font-weight: inherit;\">El Congreso sesion\u00f3 en el 49\u00ba aniversario del Cordobazo y en la tierra de esa gesta hist\u00f3rica para la lucha de los trabajadores y del pueblo. Por ello, en la apertura se rindi\u00f3 un homenaje a este hecho y a sus protagonistas.<\/span><\/p>\n<p style=\"font-weight: 400;\"><span style=\"font-style: inherit; font-weight: inherit;\">\u201cCachorro\u201d Godoy trajo a la memoria a H\u00e9ctor Ricardo \u201cLa Perra\u201d Castro, secretario general de la entonces Seccional &nbsp;ATE C\u00f3rdoba Capital, quien conduc\u00eda los talleres mec\u00e1nicos de los que parti\u00f3 una de las caravanas m\u00e1s importantes.<\/span><\/p>\n<p style=\"font-weight: 400;\"><span style=\"font-style: inherit; font-weight: inherit;\">Federico Giuliani, Secretario de Acci\u00f3n Pol\u00edtica de ATE- C\u00f3rdoba, dio la bienvenida a los y las congresales. Adem\u00e1s, se refiri\u00f3 al Cordobazo afirmando que \u201cfue a antesala a otras revueltas populares como el Rosariazo, el Tucumanazo y el Vivorazo. No fue una gesta espont\u00e1nea, fue consecuencia de d\u00edas de paros y movilizaciones, construyendo en la calle la unidad para derrotar a un r\u00e9gimen dictatorial como el de Ongan\u00eda\u201d.&nbsp;<\/span><\/p>\n<div class=\"sliderkit photoslider-1click sombra\">\n<div class=\"sliderkit-panels\">\n<div class=\"sliderkit-panel\">&nbsp;<\/div>\n<\/div>\n<\/div>\n","protected":false},"excerpt":{"rendered":"<p>El Congreso sesion\u00f3 con la participaci\u00f3n de 144 delegados congresales, en Huerta Grande. Con la participaci\u00f3n de 144 Delegados Congresales de todo el pa\u00eds sesion\u00f3 el 63\u00ba Congreso Ordinario de ATE en Huerta Grande, C\u00f3rdoba que por unanimidad aprob\u00f3 la Memoria y Balance de lo actuado por la organizaci\u00f3n gremial en 2017. A continuaci\u00f3n, se [&hellip;]<\/p>\n","protected":false},"author":1,"featured_media":19220,"comment_status":"open","ping_status":"open","sticky":false,"template":"","format":"standard","meta":{"_exactmetrics_skip_tracking":false,"_exactmetrics_sitenote_active":false,"_exactmetrics_sitenote_note":"","_exactmetrics_sitenote_category":0,"jnews-multi-image_gallery":[],"jnews_single_post":[],"jnews_primary_category":[],"jnews_social_meta":[],"jnews_review":[],"enable_review":"","type":"","name":"","summary":"","brand":"","sku":"","good":[],"bad":[],"score_override":"","override_value":"","rating":[],"price":[],"jnews_override_counter":[],"jnews_post_split":[],"footnotes":""},"categories":[143],"tags":[],"class_list":["post-10098","post","type-post","status-publish","format-standard","has-post-thumbnail","hentry","category-congreso-nacional"],"jetpack_featured_media_url":"https:\/\/atecordoba.org\/wp-content\/uploads\/2020\/05\/logo-nuevochico-e1561581322808.png","_links":{"self":[{"href":"https:\/\/atecordoba.org\/index.php?rest_route=\/wp\/v2\/posts\/10098","targetHints":{"allow":["GET"]}}],"collection":[{"href":"https:\/\/atecordoba.org\/index.php?rest_route=\/wp\/v2\/posts"}],"about":[{"href":"https:\/\/atecordoba.org\/index.php?rest_route=\/wp\/v2\/types\/post"}],"author":[{"embeddable":true,"href":"https:\/\/atecordoba.org\/index.php?rest_route=\/wp\/v2\/users\/1"}],"replies":[{"embeddable":true,"href":"https:\/\/atecordoba.org\/index.php?rest_route=%2Fwp%2Fv2%2Fcomments&post=10098"}],"version-history":[{"count":0,"href":"https:\/\/atecordoba.org\/index.php?rest_route=\/wp\/v2\/posts\/10098\/revisions"}],"wp:featuredmedia":[{"embeddable":true,"href":"https:\/\/atecordoba.org\/index.php?rest_route=\/wp\/v2\/media\/19220"}],"wp:attachment":[{"href":"https:\/\/atecordoba.org\/index.php?rest_route=%2Fwp%2Fv2%2Fmedia&parent=10098"}],"wp:term":[{"taxonomy":"category","embeddable":true,"href":"https:\/\/atecordoba.org\/index.php?rest_route=%2Fwp%2Fv2%2Fcategories&post=10098"},{"taxonomy":"post_tag","embeddable":true,"href":"https:\/\/atecordoba.org\/index.php?rest_route=%2Fwp%2Fv2%2Ftags&post=10098"}],"curies":[{"name":"wp","href":"https:\/\/api.w.org\/{rel}","templated":true}]}}