{"id":10094,"date":"2018-05-31T10:32:45","date_gmt":"2018-05-31T13:32:45","guid":{"rendered":"http:\/\/www.atecordoba.org\/?p=10094"},"modified":"2018-05-31T10:32:45","modified_gmt":"2018-05-31T13:32:45","slug":"godoy-la-rebelion-estatal-esta-en-marcha-y-empuja-la-rebelion-popular","status":"publish","type":"post","link":"https:\/\/atecordoba.org\/?p=10094","title":{"rendered":"Godoy: &#8220;La rebeli\u00f3n estatal est\u00e1 en marcha y empuja la rebeli\u00f3n popular&#8221;"},"content":{"rendered":"<p><em>El 52\u00ba Congreso Extraordinario de ATE, realizado en Huerta Grande, C\u00f3rdoba aprob\u00f3 por unanimidad un plan de lucha que incluye un Paro Nacional en rechazo al techo salarial del 12% propuesto por el Gobierno Nacional en la reuni\u00f3n paritaria.<\/em><\/p>\n<p><img loading=\"lazy\" decoding=\"async\" class=\"aligncenter size-full wp-image-10095\" src=\"http:\/\/www.atecordoba.org\/wp-content\/uploads\/2018\/05\/grupal-e1527773467829.jpg\" alt=\"\" width=\"550\" height=\"367\"><\/p>\n<p>El Congreso tambi\u00e9n aprob\u00f3 el informe pol\u00edtico en el que Hugo &#8220;Cachorro&#8221; Godoy, Secretario General de ATE Nacional, expres\u00f3 que las medidas propuestas y aprobadas, junto a la Marcha Federal, expresan lo que las organizaciones del campo popular vienen construyendo &#8220;por abajo&#8221; desde el 14 de diciembre, cuando se logr\u00f3 levantar la sesi\u00f3n del Congreso en la que se buscaba aprobar la Reforma Previsional y comenz\u00f3 a resquebrajarse la gobernabilidad del poder.<\/p>\n<p>&#8220;La movilizaci\u00f3n popular est\u00e1 deslegitimando las pol\u00edticas de entrega del Gobierno de Macri y de los gobernadores y gobernadoras y en eso, los que somos de ATE y de la CTA Aut\u00f3noma, tenemos algo que ver&#8221;, manifest\u00f3 el dirigente. &#8220;No por nada empezamos el a\u00f1o, el 4 de enero, con un Paro Nacional e hicimos medidas mes a mes, y yo creo que tenemos que ir a un paro nacional el 1 de junio&#8221;, dijo ante el aplauso cerrado de los\/as presentes.<\/p>\n<p>&#8220;Estamos generando las condiciones para revertir el boicot a la realizaci\u00f3n de un paro nacional general, y hoy esas condiciones se est\u00e1n generando por abajo. No creo que los dirigentes quieran borrar con el codo lo que escribieron con la mano, pero s\u00ed creo que hay una fuerza de nuestro pueblo que si somos inteligentes puede contribuir, y mucho, a que los tiempos se aceleren en nuestro pa\u00eds y que solo sea un deseo de los poderosos que el mundial sea un somn\u00edfero para el pueblo. No lo fue nunca, ni siquiera en dictadura&#8221;, analiz\u00f3.<\/p>\n<p><strong>Una CTA Aut\u00f3noma para la nueva etapa hist\u00f3rica<\/strong><\/p>\n<p>Godoy resalt\u00f3 el rol crucial de la pelea de los estatales y de los trabajadores\/as privados, en unidad con las organizaciones del campo popular de nuevo tipo, de trabajadores\/as de la econom\u00eda popular, de mujeres, entre otras. El dirigente narr\u00f3 un hecho clave en ese camino:<\/p>\n<p>&#8220;En noviembre del a\u00f1o pasado, el Sal\u00f3n Federal del CDN fue escenario de una convocatoria de nuestra CTA Aut\u00f3noma al conjunto de organizaciones para convocar a un paro nacional el 6 de diciembre. Fue esa decisi\u00f3n la que permiti\u00f3 que a ese paro y a esa convocatoria le sucedieran otras&#8221;.<\/p>\n<p>Otro nuevo hecho bisagra ocurre en los \u00faltimos d\u00edas, aclar\u00f3 Godoy, cuando el Gobierno decide &#8220;acelerar su pol\u00edtica de ajuste y firma el acuerdo con FMI&#8221;, tras una &#8220;supuesta&#8221; corrida cambiaria generada por los mismos empresarios que poco antes firmaron un apoyo al Gobierno.<\/p>\n<p>Ante este escenario, &#8220;es fundamental la unidad estrat\u00e9gica del campo popular, que no es juntando dirigentes en una mesa, sino en cada sector de laburo con las organizaciones del pueblo que quieren un Estado m\u00e1s democr\u00e1tico y popular, y con quienes podemos pelear juntos &#8220;. As\u00ed, porque: &#8220;Los trabajadores estatales sabemos que somos el blanco principal pero no somos los \u00fanicos, porque desestructurar el Estado al servicio del pueblo, o lo poco que queda de \u00e9l, es el objetivo de esta Tercer Reforma del Estado que van a acelerar&#8221;.<\/p>\n<p>Y en ese sentido, se refiri\u00f3 a qu\u00e9 CTA Aut\u00f3noma y qu\u00e9 ATE hay que seguir construyendo: &#8220;Una CTA-A que sea la expresi\u00f3n de un modelo sindical pendiente de crearse en este pa\u00eds. Lo nuevo que fuimos capaces de generar en los `90 no est\u00e1 derrotado, porque no hay posibilidad de crear un poder real de la clase trabajadora sin verdadera libertad y democracia sindical&#8221;.<\/p>\n<p>&#8220;Tenemos que seguir debatiendo qu\u00e9 pasos tenemos que dar para que se sigan construyendo seccionales en territorio nacional, para que el poder real del sindicato este en el sector de laburo con los delegados\/as elegidos por voto directo, para que en cada lugar de laburo la tarea no sea s\u00f3lo discutir cuestiones fundamentales como el salario, los CCT o las condiciones de trabajo, sino construir en cada sector la unidad con las organizaciones del campo popular vinculados al Estado, en el municipio, en la provincia y en la Naci\u00f3n&#8221;.<\/p>\n<p>Por otro lado, se\u00f1al\u00f3: &#8220;Hay que sacarnos del lomo a los que quieren llevar a nuestra CTA Aut\u00f3noma por un camino que es contrario a su escancia, a su esp\u00edritu fundacional&#8221;. &#8220;Hay que decirlo con todas las letras: nuestro gremio forma parte de la CTA Aut\u00f3noma. No pertenecemos a ninguna otra central. Aunque el secretario general de la CTA-A haya dejado de lado el mandato que le dimos y quiera dividir con unas elecciones truchas, las \u00fanicas elecciones que este Congreso debe reconocer son las elecciones convocadas, por toda la legalidad por la mayor\u00eda de la Comisi\u00f3n Directiva de la CTA Aut\u00f3noma y de los Congresos de 16 de marco y 26 de abril, para el 8 de agosto&#8221;.<\/p>\n<p>Y se\u00f1al\u00f3: &#8220;No renunciamos a la legalidad pero a nosotros no nos dirige Triaca, ni nos lleva de las narices un engre\u00eddo que cree que la pol\u00edtica se resuelve en los estudios de televisi\u00f3n. La pol\u00edtica la construimos todos los d\u00edas en la calle&#8221;.<\/p>\n<p>Asimismo, indic\u00f3: &#8220;Es momento de discutir hacia d\u00f3nde vamos con nuestro gremio y con nuestra CTA Aut\u00f3noma, hacia d\u00f3nde vamos con nuestra capacidad de propuestas para construir la unidad del movimiento de trabajadores en torno de un nuevo modelo sindical, con libertad y democracia, y en unidad del conjunto del pueblo, en torno de una estrategia que adem\u00e1s de oponerse a la pol\u00edtica de Macri y los gobernadores\/as pueda construir una perspectiva de poder.&nbsp; Sin poder popular y sin organizaciones libres del pueblo, no hay posibilidades de que la democracia se desarrolle como un modelo de participaci\u00f3n popular y de transformaciones&#8221;.<\/p>\n<p>Y concluy\u00f3: &#8220;Estamos en una etapa hist\u00f3rica que marca el comienzo del siglo XXI y tenemos que abrirle la cancha a las nuevas generaciones y a las compa\u00f1eras, que si bien lo hacen muy bien por ellas mismas, tenemos que colaborar para que se ampl\u00ede, tenemos que potenciar a las nuevas organizaciones sociales y sindicales&#8221;. &#8220;La rebeli\u00f3n estatal est\u00e1 en marcha y empuja la rebeli\u00f3n popular&#8221;, sentenci\u00f3.<\/p>\n<p><strong>Dirigentes de todo el pa\u00eds<\/strong><\/p>\n<p>Durante el debate posterior al informe pol\u00edtico del titular del CDN, Secretarios Generales de CDP&#8217;S y Seccionales sumaron voces a las perspectivas pol\u00edticas que se abre en el gremio.&nbsp;<\/p>\n<p>Abri\u00f3 este debate el titular de ATE- Chaco, Mario Bustamante, qui\u00e9n entre sus expresiones sostuvo la necesidad de seguir involucrando a los j\u00f3venes en las definiciones pol\u00edticas del gremio. En ese sentido se\u00f1al\u00f3 que en su provincia &#8220;la mayor\u00eda de \u00b4lo afiliados son j\u00f3venes que promedian los 35 a\u00f1os, y son los encabezan las luchas&#8221;. Tambi\u00e9n destac\u00f3 que &#8220;ellos son un componente esencial en la mirada colectiva sobre la reivindicaci\u00f3n de&nbsp; lo que se entiende por Democracia Sindical y la composici\u00f3n del estado que queremos&#8221;.&nbsp;&nbsp;&nbsp;<\/p>\n<p>Seguidamente el titular de ATE- R\u00edo Negro, Rodolfo Aguiar, puso de manifiesto el posicionamiento que logr\u00f3 el CDP dentro de las discusiones de lo que son las condiciones laborales y salariales dentro del Estado provincial. &#8220;Logramos que la Legislatura reconociera que ya no es UPCN con qui\u00e9n se define el rol del Estado&#8221; y agreg\u00f3 &#8220;ahora estamos en un plano de igualdad, hemos logrado torcerlos con construcci\u00f3n pol\u00edtica y el apoyo de los trabajadores&#8221;.<\/p>\n<p>Asimismo enfatiz\u00f3 &#8220;la necesidad de avanzar en la construcci\u00f3n de la CTA-A&#8221;, participando en las elecciones del d\u00eda 8 de agosto &#8220;llenando las urnas de votos&#8221; y rechaz\u00f3 los acuerdos alcanzados por el ministro de Trabajo, Jorge Triaca, con la conducci\u00f3n de Pablo Micheli, por las elecciones que este sector dispuso celebrar el 28 de junio pr\u00f3ximo.<\/p>\n<p>Por su parte el Secretario General de ATE- Jujuy, Mat\u00edas Brizuela, apunt\u00f3 a &#8220;transitar un camino de la unificaci\u00f3n en la lucha&#8221;. En esta l\u00ednea consider\u00f3 que &#8220;desde nuestro lado ha sido vital cambiar un estilo de conducci\u00f3n que prim\u00f3 por 25 a\u00f1os&#8221;. Brizuela consider\u00f3 indispensable &#8220;lograr la autonom\u00eda, ya que no es imposible romper las cadenas contra aquellos que creemos no nos conducen&#8221;.<\/p>\n<p>Brizuela defendi\u00f3 el proceso electoral del 8 de agosto y adem\u00e1s de rechazar las elecciones de &#8220;aquellos que quieren legitimar el poder a dedo no queremos que los que el 28 de junio voten nos vengan a decir luego que se equivocaron&#8221;.<\/p>\n<p>Para finalizar sentenci\u00f3 que &#8220;a ATE no lo conduce ninguna burocracia sino que lo conduce la Verde&#8221;.<\/p>\n<p>Despu\u00e9s, Roberto Macho destac\u00f3 la recuperaci\u00f3n de su CDP e hizo tambi\u00e9n hincapi\u00e9 en las persecuciones judiciales que se sigue contra miembros de nuestra organizaci\u00f3n, donde el propio Macho es uno de ellos. Tambi\u00e9n pidi\u00f3 profundizar la discusi\u00f3n de los lineamientos pol\u00edticos de ATE y una propuesta institucional por los tarifazos &#8220;que tambi\u00e9n forman parte de la discusi\u00f3n del salario de los trabajadores&#8221;.&nbsp;&nbsp;&nbsp;<\/p>\n<p>Posteriormente el CDP anfitri\u00f3n, a trav\u00e9s de su titular, la compa\u00f1era Liliana Salerno, subray\u00f3 que &#8220;en ATE hay lugar para todos&#8221; se\u00f1alando que &#8220;tanto qui\u00e9nes hoy conducimos, como los j\u00f3venes, todos estamos preparados para conducir el gremio&#8221;.&nbsp; En cuanto a la CTA-A se\u00f1al\u00f3 que &#8220;el 8 de agosto vamos a generar una pol\u00edtica sabiendo que qui\u00e9nes est\u00e1n hoy no nos representan&#8221;.&nbsp;&nbsp;&nbsp;&nbsp;<\/p>\n<p>Luego fue el turno del titular de ATE- Santa Cruz, Alejandro Garz\u00f3n, qui\u00e9n en un principio hizo un recorrido sobre la situaci\u00f3n que debe sostener el gremio en la provincia &#8220;donde por defender a los trabajadores de las pol\u00edticas que impulsan tanto Alicia Kirchner como Mauricio Macri y pedir que se resuelvan los problemas que atraviesa el conjunto de los santacruce\u00f1os fuimos reprimidos por Gendarmer\u00eda&#8221;.<\/p>\n<p>Seguidamente hizo eje en la lucha de los trabajadores del Yacimiento Carbon\u00edfero R\u00edo Turbio (YCRT) donde manifest\u00f3 que &#8220;as\u00ed como resistimos con fuerza el ajuste de los &#8217;90 y los retiros voluntarios, hoy resistimos el cierre y una propuesta similar de retiro y logramos frenar los despidos con la reincorporaci\u00f3n de 171 trabajadores&#8221;. Adem\u00e1s Garz\u00f3n reivindic\u00f3 el rol de la dirigencia de ATE en la provincia &#8220;con la que hemos logrado avanzar creando seccionales, delegaciones y hoy nos lleva a tener m\u00e1s de 11.000 afiliados&#8221;.<\/p>\n<p>Garz\u00f3n tambi\u00e9n llam\u00f3 a combatir la divisi\u00f3n que se impulsa desde el gremio en la Ciudad de Buenos Aires: &#8220;algunos hablan en nombre de Germ\u00e1n Abdala haciendo lo contrario a \u00e9l&#8221; y concluy\u00f3 recordando las palabras del propio Germ\u00e1n: &#8220;no me va a matar el c\u00e1ncer sino la imposibilidad de crear una CTA para el pueblo y los trabajadores&#8221;.&nbsp;&nbsp;&nbsp;&nbsp;<\/p>\n<p>Por su parte el titular de ATE- Provincia de Buenos Aires, Oscar de Isasi, indic\u00f3 la importancia que el CDP le da al debate pol\u00edtico. De Isasi se\u00f1al\u00f3 despu\u00e9s el quiebre generado el 18 de diciembre que &#8220;puso en debate la gobernabilidad del ajuste&#8221; y resalt\u00f3 un dato que dej\u00f3 aquella jornada: &#8220;no s\u00f3lo fue la protesta de millones movilizados, tambi\u00e9n el rechazo de los propios votantes del gobierno&#8221;.<\/p>\n<p>El titular del CDP bonaerense dijo que mientras entr\u00f3 en crisis la gobernabilidad del poder econ\u00f3mico, tambi\u00e9n desde ATE &#8220;nos toc\u00f3 hacernos cargo de enfrentar este feroz ajuste&#8221;.<\/p>\n<p>Tuvo tambi\u00e9n palabras para aquellos que tanto desde ATE como de la CTA-A &#8220;buscan quebrarnos, y que a\u00fan perdiendo buscaron trabar esta leg\u00edtima conducci\u00f3n tambi\u00e9n lo hicieron con acciones judiciales&#8221;.&nbsp; Sobre la conducci\u00f3n capitalina dijo que &#8220;prefirieron defender a los suyos y se cagaron en los otros&#8221;, y sobre qui\u00e9nes conducen la CTA-A apunt\u00f3 que &#8220;tienen como \u00fanico inter\u00e9s sostener sus cargos&#8221;.<\/p>\n<p>Sobre la ruptura planteada por ATE con la conducci\u00f3n de la CTAA afirm\u00f3 que &#8220;cuando dijimos que esa central no nos representaba dimos se\u00f1ales que no bancamos m\u00e1s un modelo conductivo que rechazamos&#8221;. Por \u00faltimo dijo que &#8220;en ATE lo j\u00f3venes tienen espacio&#8221;.<\/p>\n<p>A su turno, Juan Arroyo, secretario general de ATE Tucum\u00e1n salud\u00f3 la legitimidad del Congreso, en el que &#8220;todos vimos c\u00f3mo las decisiones se tomaron con el apoyo un\u00e1nime de los presentes y en el que hubo representatividad de todo el pa\u00eds&#8221;. Tambi\u00e9n felicit\u00f3&nbsp; que haya sido posible definir un plan de lucha en unidad para enfrentar, a lo largo del a\u00f1o, las pol\u00edticas de ajuste del Gobierno Nacional y los gobiernos provinciales.<\/p>\n<p><strong>PRENSA ATE NACIONAL<\/strong><\/p>\n","protected":false},"excerpt":{"rendered":"<p>El 52\u00ba Congreso Extraordinario de ATE, realizado en Huerta Grande, C\u00f3rdoba aprob\u00f3 por unanimidad un plan de lucha que incluye un Paro Nacional en rechazo al techo salarial del 12% propuesto por el Gobierno Nacional en la reuni\u00f3n paritaria. El Congreso tambi\u00e9n aprob\u00f3 el informe pol\u00edtico en el que Hugo &#8220;Cachorro&#8221; Godoy, Secretario General de [&hellip;]<\/p>\n","protected":false},"author":1,"featured_media":19220,"comment_status":"open","ping_status":"open","sticky":false,"template":"","format":"standard","meta":{"_exactmetrics_skip_tracking":false,"_exactmetrics_sitenote_active":false,"_exactmetrics_sitenote_note":"","_exactmetrics_sitenote_category":0,"jnews-multi-image_gallery":[],"jnews_single_post":[],"jnews_primary_category":[],"jnews_social_meta":[],"jnews_review":[],"enable_review":"","type":"","name":"","summary":"","brand":"","sku":"","good":[],"bad":[],"score_override":"","override_value":"","rating":[],"price":[],"jnews_override_counter":[],"jnews_post_split":[],"footnotes":""},"categories":[143],"tags":[],"class_list":["post-10094","post","type-post","status-publish","format-standard","has-post-thumbnail","hentry","category-congreso-nacional"],"jetpack_featured_media_url":"https:\/\/atecordoba.org\/wp-content\/uploads\/2020\/05\/logo-nuevochico-e1561581322808.png","_links":{"self":[{"href":"https:\/\/atecordoba.org\/index.php?rest_route=\/wp\/v2\/posts\/10094","targetHints":{"allow":["GET"]}}],"collection":[{"href":"https:\/\/atecordoba.org\/index.php?rest_route=\/wp\/v2\/posts"}],"about":[{"href":"https:\/\/atecordoba.org\/index.php?rest_route=\/wp\/v2\/types\/post"}],"author":[{"embeddable":true,"href":"https:\/\/atecordoba.org\/index.php?rest_route=\/wp\/v2\/users\/1"}],"replies":[{"embeddable":true,"href":"https:\/\/atecordoba.org\/index.php?rest_route=%2Fwp%2Fv2%2Fcomments&post=10094"}],"version-history":[{"count":0,"href":"https:\/\/atecordoba.org\/index.php?rest_route=\/wp\/v2\/posts\/10094\/revisions"}],"wp:featuredmedia":[{"embeddable":true,"href":"https:\/\/atecordoba.org\/index.php?rest_route=\/wp\/v2\/media\/19220"}],"wp:attachment":[{"href":"https:\/\/atecordoba.org\/index.php?rest_route=%2Fwp%2Fv2%2Fmedia&parent=10094"}],"wp:term":[{"taxonomy":"category","embeddable":true,"href":"https:\/\/atecordoba.org\/index.php?rest_route=%2Fwp%2Fv2%2Fcategories&post=10094"},{"taxonomy":"post_tag","embeddable":true,"href":"https:\/\/atecordoba.org\/index.php?rest_route=%2Fwp%2Fv2%2Ftags&post=10094"}],"curies":[{"name":"wp","href":"https:\/\/api.w.org\/{rel}","templated":true}]}}