{"id":10088,"date":"2018-05-31T10:14:53","date_gmt":"2018-05-31T13:14:53","guid":{"rendered":"http:\/\/www.atecordoba.org\/?p=10088"},"modified":"2018-05-31T10:14:53","modified_gmt":"2018-05-31T13:14:53","slug":"informe-politico-63o-congreso-ordinario-de-ate","status":"publish","type":"post","link":"https:\/\/atecordoba.org\/?p=10088","title":{"rendered":"Informe pol\u00edtico 63\u00ba Congreso Ordinario de ATE"},"content":{"rendered":"<p><em>En an\u00e1lisis del informe refiri\u00f3 a la CTA-.A, crecimiento de afiliados, presencia en la OIT y avance e integraci\u00f3n a las discusi\u00f3n de CCT.<\/em><\/p>\n<div class=\"epyt-video-wrapper\"><iframe loading=\"lazy\"  style=\"display: block; margin: 0px auto;\"  id=\"_ytid_97834\"  width=\"480\" height=\"270\"  data-origwidth=\"480\" data-origheight=\"270\" src=\"https:\/\/www.youtube.com\/embed\/1he_NFcUBQU?enablejsapi=1&#038;autoplay=0&#038;cc_load_policy=0&#038;cc_lang_pref=&#038;iv_load_policy=3&#038;loop=0&#038;rel=0&#038;fs=1&#038;playsinline=0&#038;autohide=2&#038;theme=dark&#038;color=red&#038;controls=1&#038;disablekb=0&#038;\" class=\"__youtube_prefs__  epyt-is-override  no-lazyload\" title=\"YouTube player\"  allow=\"fullscreen; accelerometer; autoplay; clipboard-write; encrypted-media; gyroscope; picture-in-picture; web-share\" referrerpolicy=\"strict-origin-when-cross-origin\" allowfullscreen data-no-lazy=\"1\" data-skipgform_ajax_framebjll=\"\"><\/iframe><\/div>\n<p style=\"font-weight: 400;\"><span style=\"font-style: inherit; font-weight: inherit;\">En el marco del informe pol\u00edtico sobre la memoria 2017 el Secretario general del CDP, Hugo Godoy, trazo 5 ejes donde se desarrollo la pelea pol\u00edtica llevada adelante por la organizaci\u00f3n.<\/span><\/p>\n<p style=\"font-weight: 400;\"><span style=\"font-style: inherit; font-weight: inherit;\">En el primero de ello se retrotrajo al Congreso del \u00faltimo a\u00f1o, celebrado en Mar del Plata, donde ATE enfrentaba un proceso de persecuci\u00f3n a trav\u00e9s de la judicializaci\u00f3n de la protesta social que manten\u00eda presos a los compa\u00f1eros secretario general de ATE R\u00edo Negro, Rodolfo Aguiar, y el Adjunto, Aldo Capretti.&nbsp; Godoy subray\u00f3 que en esta pelea gremial &#8220;un a\u00f1o despu\u00e9s el CDP no s\u00f3lo firm\u00f3 CCT tambi\u00e9n se incorpor\u00f3 a la par del gremio oficialista (UPCN) a todas las discusiones que atraviesan el inter\u00e9s de los trabajadores estatales rionegrinos&#8221;, y remarc\u00f3: un a\u00f1o antes est\u00e1bamos en la ilegalidad, un a\u00f1o despu\u00e9s con nuestra lucha en plena legalidad&#8221;.<\/span><\/p>\n<p><img loading=\"lazy\" decoding=\"async\" class=\"aligncenter size-full wp-image-10089\" src=\"http:\/\/www.atecordoba.org\/wp-content\/uploads\/2018\/05\/salerno-e1527772300973.jpg\" alt=\"\" width=\"550\" height=\"367\"><\/p>\n<p style=\"font-weight: 400;\"><span style=\"font-style: inherit; font-weight: inherit;\">El segundo punto hizo hincapi\u00e9 en la CTAA y el nuevo proceso iniciado a fines del 2017 prensando en la &#8220;refundaci\u00f3n&#8221;.&nbsp; Como parte de ese proceso desde ATE tambi\u00e9n se profundiz\u00f3 la interacci\u00f3n por este cambio tanto en nuestro pa\u00eds como en el \u00e1mbito de los trabajadores estatales latinoamericanos. En esta l\u00ednea inform\u00f3 sobre la participaci\u00f3n que llevan adelante el compa\u00f1ero Secretario de Relaciones Internacionales de la CTA-A Adolfo Aguirre, como integrante de la Central Sindical Internacional (CSI) y del Secretario General Adjunto de ATE, Julio Fuentes, como Presidente de la Confederaci\u00f3n Latinoamericana de Trabajadores estatales (CLATE) est\u00e1n representando en la Organizaci\u00f3n Internacional del Trabajo (OIT) a los trabajadores estatales de la Argentina, Latinoam\u00e9rica y el Caribe. All\u00ed han presentado un documento elaborado por el Instituto de Estad\u00edsticas y Participaci\u00f3n (IDEP) sobre las implicancias pol\u00edticas de los ajustes que llevan adelante los gobiernos de la regi\u00f3n sobre &nbsp;trabajadores y pueblos. &nbsp;&nbsp;&nbsp;&nbsp;<\/span><\/p>\n<p><img loading=\"lazy\" decoding=\"async\" class=\"aligncenter size-full wp-image-10090\" src=\"http:\/\/www.atecordoba.org\/wp-content\/uploads\/2018\/05\/general-e1527772330642.jpg\" alt=\"\" width=\"550\" height=\"367\"><\/p>\n<p style=\"font-weight: 400;\"><span style=\"font-style: inherit; font-weight: inherit;\">El tercer punto en referencia \u00fanica a la CTA-A tiene que ver con el llamamiento hacia la refundaci\u00f3n de la central definido el 4 de diciembre del a\u00f1o pasado con la convocatoria a un Congreso y el nuevo proceso electoral para el pr\u00f3ximo 8 de agosto. Godoy ratific\u00f3 en ello &#8220;la voluntad de construir la unidad de la clase trabajadora mediante un nuevo modelo sindical&#8221;. &nbsp;&nbsp;<\/span><\/p>\n<p style=\"font-weight: 400;\"><span style=\"font-style: inherit; font-weight: inherit;\">Godoy centr\u00f3 el cuarto eje en la Marcha Federal que se lleva adelante y concluye este viernes con una concentraci\u00f3n frente al Congreso Nacional donde no s\u00f3lo se manifestar\u00e1&nbsp; nuestra oposici\u00f3n a las pol\u00edticas impulsadas por el gobierno de Mauricio Macri, tambi\u00e9n se presentar\u00e1 una propuesta con 5 proyectos que sintetizan la necesidad de los trabajadores.<\/span><\/p>\n<p><img loading=\"lazy\" decoding=\"async\" class=\"aligncenter size-full wp-image-10091\" src=\"http:\/\/www.atecordoba.org\/wp-content\/uploads\/2018\/05\/votacion-1-e1527772381610.jpg\" alt=\"\" width=\"550\" height=\"367\"><\/p>\n<p style=\"font-weight: 400;\"><span style=\"font-style: inherit; font-weight: inherit;\">&nbsp;Y el punto cinco de este informe es el reflejo de la propia tapa de la Memoria y Balance 2017 que remarca el crecimiento de ATE como organizaci\u00f3n superando los 300.000 afiliados. &#8220;Esto expresa lo que construimos a trav\u00e9s de la unidad y de una nueva perspectiva como sociedad&#8221;, se\u00f1al\u00f3 antes de cerrar reafirmando que &#8220;este es el reflejo de una pol\u00edtica colectiva que dirigentes y trabajadores llevamos adelante en cada punto del pa\u00eds&#8221;.&nbsp;<\/span><\/p>\n<p>&nbsp;<\/p>\n","protected":false},"excerpt":{"rendered":"<p>En an\u00e1lisis del informe refiri\u00f3 a la CTA-.A, crecimiento de afiliados, presencia en la OIT y avance e integraci\u00f3n a las discusi\u00f3n de CCT. En el marco del informe pol\u00edtico sobre la memoria 2017 el Secretario general del CDP, Hugo Godoy, trazo 5 ejes donde se desarrollo la pelea pol\u00edtica llevada adelante por la organizaci\u00f3n. [&hellip;]<\/p>\n","protected":false},"author":1,"featured_media":19220,"comment_status":"open","ping_status":"open","sticky":false,"template":"","format":"standard","meta":{"_exactmetrics_skip_tracking":false,"_exactmetrics_sitenote_active":false,"_exactmetrics_sitenote_note":"","_exactmetrics_sitenote_category":0,"jnews-multi-image_gallery":[],"jnews_single_post":[],"jnews_primary_category":[],"jnews_social_meta":[],"jnews_review":[],"enable_review":"","type":"","name":"","summary":"","brand":"","sku":"","good":[],"bad":[],"score_override":"","override_value":"","rating":[],"price":[],"jnews_override_counter":[],"jnews_post_split":[],"footnotes":""},"categories":[143],"tags":[],"class_list":["post-10088","post","type-post","status-publish","format-standard","has-post-thumbnail","hentry","category-congreso-nacional"],"jetpack_featured_media_url":"https:\/\/atecordoba.org\/wp-content\/uploads\/2020\/05\/logo-nuevochico-e1561581322808.png","_links":{"self":[{"href":"https:\/\/atecordoba.org\/index.php?rest_route=\/wp\/v2\/posts\/10088","targetHints":{"allow":["GET"]}}],"collection":[{"href":"https:\/\/atecordoba.org\/index.php?rest_route=\/wp\/v2\/posts"}],"about":[{"href":"https:\/\/atecordoba.org\/index.php?rest_route=\/wp\/v2\/types\/post"}],"author":[{"embeddable":true,"href":"https:\/\/atecordoba.org\/index.php?rest_route=\/wp\/v2\/users\/1"}],"replies":[{"embeddable":true,"href":"https:\/\/atecordoba.org\/index.php?rest_route=%2Fwp%2Fv2%2Fcomments&post=10088"}],"version-history":[{"count":0,"href":"https:\/\/atecordoba.org\/index.php?rest_route=\/wp\/v2\/posts\/10088\/revisions"}],"wp:featuredmedia":[{"embeddable":true,"href":"https:\/\/atecordoba.org\/index.php?rest_route=\/wp\/v2\/media\/19220"}],"wp:attachment":[{"href":"https:\/\/atecordoba.org\/index.php?rest_route=%2Fwp%2Fv2%2Fmedia&parent=10088"}],"wp:term":[{"taxonomy":"category","embeddable":true,"href":"https:\/\/atecordoba.org\/index.php?rest_route=%2Fwp%2Fv2%2Fcategories&post=10088"},{"taxonomy":"post_tag","embeddable":true,"href":"https:\/\/atecordoba.org\/index.php?rest_route=%2Fwp%2Fv2%2Ftags&post=10088"}],"curies":[{"name":"wp","href":"https:\/\/api.w.org\/{rel}","templated":true}]}}