{"id":10079,"date":"2018-05-31T09:34:16","date_gmt":"2018-05-31T12:34:16","guid":{"rendered":"http:\/\/www.atecordoba.org\/?p=10079"},"modified":"2018-05-31T09:34:16","modified_gmt":"2018-05-31T12:34:16","slug":"ate-rechaza-la-propuesta-del-12-de-macri-y-convoca-a-un-paro-nacional-para-manana","status":"publish","type":"post","link":"https:\/\/atecordoba.org\/?p=10079","title":{"rendered":"ATE rechaza la propuesta del 12% de Macri y convoca a un Paro Nacional para ma\u00f1ana"},"content":{"rendered":"<p><em>El Gobierno propuso una rebaja salarial en la Paritaria de la Administraci\u00f3n P\u00fablica Nacional. El Congreso de ATE resolvi\u00f3 medida de fuerza.<\/em><\/p>\n<p><img loading=\"lazy\" decoding=\"async\" class=\"aligncenter size-full wp-image-10086\" src=\"http:\/\/www.atecordoba.org\/wp-content\/uploads\/2018\/05\/votacion-e1527770033915.jpg\" alt=\"\" width=\"550\" height=\"367\"><\/p>\n<p>&nbsp;<\/p>\n<p style=\"font-weight: 400;\">Frente a la oferta del Gobierno Nacional de un aumento salarial del 12%, y en un contexto de inflaci\u00f3n que en lo que va de 2018 ya asciende a un 15%, ATE rechaz\u00f3 de plano la propuesta y plante\u00f3 una alternativa. Sin embargo, el Gobierno rechaz\u00f3 la misma y la reuni\u00f3n pas\u00f3 a cuarto intermedio hasta el martes que viene. Por esto, el Congreso Nacional de ATE que se llev\u00f3 a cabo hoy en Huerta Grande, C\u00f3rdoba, resolvi\u00f3 convocar a un Paro Nacional para el pr\u00f3ximo viernes 1\u00ba de junio. El mismo se llevar\u00e1 a cabo en el marco de la Marcha Federal convocada por la CTA Aut\u00f3noma y otras organizaciones sindicales y sociales, que comenz\u00f3 el lunes en distintos puntos del pa\u00eds y que confluir\u00e1 el viernes en la Capital Federal.<\/p>\n<p style=\"font-weight: 400;\">Fue en la ma\u00f1ana de hoy que, en la sede del Ministerio de Trabajo, Empleo y Seguridad Social, se reuni\u00f3 la Comisi\u00f3n Negociadora del Convenio Colectivo de Trabajo General para la Administraci\u00f3n P\u00fablica Nacional. Participaron de la mesa paritaria funcionarios del Gobierno Nacional y representantes de ATE y UPCN. Por parte de ATE, los Delegados Paritarios presentes fueron Flavio Vergara y Pablo Spataro.<\/p>\n<p style=\"font-weight: 400;\">Flavio Vergara detall\u00f3: \u201cLa reuni\u00f3n transcurri\u00f3 en el marco de lo que ten\u00edamos previsto ya que hab\u00eda circulado por los medios que el Gobierno pretend\u00eda ofrecer un 12 por ciento de aumento. Esto representar\u00eda una rebaja salarial del 13 por ciento equivalente a la que hizo Fernando de la R\u00faa. O sea que, concretamente, vienen a rebajar salarios. Nosotros hicimos una propuesta que planteaba el 25 por ciento de aumento en el marco de la inflaci\u00f3n estimada m\u00e1s una cl\u00e1usula gatillo que tendr\u00eda que dispararse al momento en el que la inflaci\u00f3n superara ese monto, m\u00e1s un bono de 5 mil pesos por una aplicaci\u00f3n del gatillo del a\u00f1o pasado que, como se hizo tarde y en cuotas, nos comi\u00f3 enero, febrero y parte de marzo, abril y mayo\u201d.<\/p>\n<p style=\"font-weight: 400;\">\u201cFrente a este planteo nosotros respondimos que es una oferta inaceptable. Adem\u00e1s plantearon que ese 12 por ciento, a pagar en tres cuotas, s\u00f3lo alcanzar\u00eda a los trabajadores que cobran hasta 30 mil pesos y, de ah\u00ed en m\u00e1s, ofrecen un monto de $4.500 fijos y mensuales. No dijeron si la intenci\u00f3n es que esa suma sea remunerativa o no, y extienden ese monto para los salarios de hasta 100 mil pesos, a partir de los cuales no ofrecieron ning\u00fan aumento. Claramente no es ese el caso de nuestros compa\u00f1eros y compa\u00f1eras nucleados en ATE\u201d, aclar\u00f3 Vergara.<\/p>\n<p style=\"font-weight: 400;\">El Delegado Paritario tambi\u00e9n coment\u00f3: \u201cAdem\u00e1s agregaron como criterio la bonificaci\u00f3n por Presentismo, y lo que plantean es que va a continuar pero que se va a pagar solamente en aquellos lugares que tengan validado y funcionando el sistema de registro biom\u00e9trico. Frente a este tema, nosotros volvimos a ratificar la necesidad de que se revise la aplicaci\u00f3n del r\u00e9gimen de licencias, porque fue recortado para poder hacer frente al pago del Presentismo, con lo cual el conjunto de los trabajadores, pero particularmente las compa\u00f1eras trabajadoras, tienen un perjuicio notable porque son las que suelen ocuparse de las enfermedades de los ni\u00f1os o de los ancianos\u201d.<\/p>\n<p style=\"font-weight: 400;\">Pablo Spataro, por su parte, agreg\u00f3: \u201cHicimos hincapi\u00e9, una vez m\u00e1s, en nuestro reclamo por el fin de los despidos, por la reincorporaci\u00f3n de los compa\u00f1eros y compa\u00f1eras que fueron injustamente despedidos, y por la resoluci\u00f3n del compromiso de \u00e9ste Gobierno a terminar con la precarizaci\u00f3n laboral en el Estado, tema que esta gesti\u00f3n critic\u00f3 mucho cuando asumi\u00f3\u201d.<\/p>\n<p style=\"font-weight: 400;\">\u201cDesde ATE rechazamos la propuesta de rebaja salarial del Gobierno y llevamos nuestras propias propuestas a la mesa de negociaci\u00f3n. Nuestro Congreso Nacional tom\u00f3 la decisi\u00f3n pol\u00edtica de, para el d\u00eda viernes, llevar a cabo un Paro Nacional en el marco de la Marcha Federal que estamos realizando junto a otros sectores con los que planteamos la necesidad de Pan y Trabajo. Para los Estatales ese planteo significa: Paritarias sin techos salariales y sin ning\u00fan laburante estatal por debajo de la l\u00ednea de pobreza, que hoy significa cobrar no menos de $20.000; y que se termine con la pol\u00edtica de despidos que est\u00e1 llevando adelante el Gobierno Nacional. Los estatales vamos a sumarnos a ese grito por Pan y Trabajo, tambi\u00e9n en parte por las respuestas que encontramos en la reuni\u00f3n del d\u00eda de hoy\u201d, cerr\u00f3 Spataro.<\/p>\n<p>&nbsp;<\/p>\n<p><img loading=\"lazy\" decoding=\"async\" class=\"aligncenter size-full wp-image-10081\" src=\"http:\/\/www.atecordoba.org\/wp-content\/uploads\/2018\/05\/1.jpg\" alt=\"\" width=\"900\" height=\"1306\"> <img loading=\"lazy\" decoding=\"async\" class=\"aligncenter size-full wp-image-10082\" src=\"http:\/\/www.atecordoba.org\/wp-content\/uploads\/2018\/05\/2.jpg\" alt=\"\" width=\"900\" height=\"1289\"> <img loading=\"lazy\" decoding=\"async\" class=\"aligncenter size-full wp-image-10083\" src=\"http:\/\/www.atecordoba.org\/wp-content\/uploads\/2018\/05\/3.jpg\" alt=\"\" width=\"900\" height=\"1299\"> <img loading=\"lazy\" decoding=\"async\" class=\"aligncenter size-full wp-image-10084\" src=\"http:\/\/www.atecordoba.org\/wp-content\/uploads\/2018\/05\/4.jpg\" alt=\"\" width=\"900\" height=\"1296\"> <img loading=\"lazy\" decoding=\"async\" class=\"aligncenter size-full wp-image-10085\" src=\"http:\/\/www.atecordoba.org\/wp-content\/uploads\/2018\/05\/5.jpg\" alt=\"\" width=\"900\" height=\"1300\"><\/p>\n","protected":false},"excerpt":{"rendered":"<p>El Gobierno propuso una rebaja salarial en la Paritaria de la Administraci\u00f3n P\u00fablica Nacional. El Congreso de ATE resolvi\u00f3 medida de fuerza. &nbsp; Frente a la oferta del Gobierno Nacional de un aumento salarial del 12%, y en un contexto de inflaci\u00f3n que en lo que va de 2018 ya asciende a un 15%, ATE [&hellip;]<\/p>\n","protected":false},"author":1,"featured_media":19220,"comment_status":"open","ping_status":"open","sticky":false,"template":"","format":"standard","meta":{"_exactmetrics_skip_tracking":false,"_exactmetrics_sitenote_active":false,"_exactmetrics_sitenote_note":"","_exactmetrics_sitenote_category":0,"jnews-multi-image_gallery":[],"jnews_single_post":[],"jnews_primary_category":[],"jnews_social_meta":[],"jnews_review":[],"enable_review":"","type":"","name":"","summary":"","brand":"","sku":"","good":[],"bad":[],"score_override":"","override_value":"","rating":[],"price":[],"jnews_override_counter":[],"jnews_post_split":[],"footnotes":""},"categories":[143],"tags":[],"class_list":["post-10079","post","type-post","status-publish","format-standard","has-post-thumbnail","hentry","category-congreso-nacional"],"jetpack_featured_media_url":"https:\/\/atecordoba.org\/wp-content\/uploads\/2020\/05\/logo-nuevochico-e1561581322808.png","_links":{"self":[{"href":"https:\/\/atecordoba.org\/index.php?rest_route=\/wp\/v2\/posts\/10079","targetHints":{"allow":["GET"]}}],"collection":[{"href":"https:\/\/atecordoba.org\/index.php?rest_route=\/wp\/v2\/posts"}],"about":[{"href":"https:\/\/atecordoba.org\/index.php?rest_route=\/wp\/v2\/types\/post"}],"author":[{"embeddable":true,"href":"https:\/\/atecordoba.org\/index.php?rest_route=\/wp\/v2\/users\/1"}],"replies":[{"embeddable":true,"href":"https:\/\/atecordoba.org\/index.php?rest_route=%2Fwp%2Fv2%2Fcomments&post=10079"}],"version-history":[{"count":0,"href":"https:\/\/atecordoba.org\/index.php?rest_route=\/wp\/v2\/posts\/10079\/revisions"}],"wp:featuredmedia":[{"embeddable":true,"href":"https:\/\/atecordoba.org\/index.php?rest_route=\/wp\/v2\/media\/19220"}],"wp:attachment":[{"href":"https:\/\/atecordoba.org\/index.php?rest_route=%2Fwp%2Fv2%2Fmedia&parent=10079"}],"wp:term":[{"taxonomy":"category","embeddable":true,"href":"https:\/\/atecordoba.org\/index.php?rest_route=%2Fwp%2Fv2%2Fcategories&post=10079"},{"taxonomy":"post_tag","embeddable":true,"href":"https:\/\/atecordoba.org\/index.php?rest_route=%2Fwp%2Fv2%2Ftags&post=10079"}],"curies":[{"name":"wp","href":"https:\/\/api.w.org\/{rel}","templated":true}]}}