{"id":10072,"date":"2018-05-21T13:08:27","date_gmt":"2018-05-21T16:08:27","guid":{"rendered":"http:\/\/www.atecordoba.org\/?p=10072"},"modified":"2020-06-01T16:36:01","modified_gmt":"2020-06-01T19:36:01","slug":"formacion-el-desafio-de-los-trabajadores-en-un-mundo-en-crisis","status":"publish","type":"post","link":"https:\/\/atecordoba.org\/?p=10072","title":{"rendered":"Formaci\u00f3n: el desaf\u00edo de los trabajadores en un Mundo en Crisis"},"content":{"rendered":"<p style=\"font-weight: 400;\"><em>El Consejo Directivo Provincia invita a la charla-debate que dictar\u00e1 la catedr\u00e1tica cubana Lourdes Regueiro, junto al compa\u00f1ero Carlos Rang.<\/em><\/p>\n<p><img loading=\"lazy\" decoding=\"async\" class=\"aligncenter size-full wp-image-10073\" src=\"http:\/\/atecordoba.org\/wp-content\/uploads\/2020\/06\/flyer-mayo-2018-e1526918867950.jpg\" alt=\"\" width=\"550\" height=\"367\" \/><\/p>\n<p>Se trata de un taller intensivo de una jornada que abordar\u00e1 el rol de la clase trabajadora en general, y del movimiento obrero organizado en particular, en la coyuntura internaci\u00f3n.<\/p>\n<p>La actividad estar\u00e1 coordinada por el compa\u00f1ero Carlos Rang, delegado de ATE e integrante del Dentro de Estudios Econ\u00f3micos, pol\u00edticos y Sociales, y tendr\u00e1 la participaci\u00f3n de la investigadora cubana Lourdes Regueiro, del Centro de Investigaciones en Pol\u00edtica Internacional, de la Habana, Cuba.<\/p>\n<p>Como docente, Regueiro se especializ\u00f3 en teor\u00eda econ\u00f3mica y del desarrollo y relaciones econ\u00f3micas internacionales, y ha impartido los cr\u00e9ditos de Teor\u00edas del Desarrollo en la maestr\u00eda en Relaciones.<\/p>\n<p>El taller est\u00e1 destinado a trabajadores, delegados y dirigentes sindicales y es abierto para toda la comunidad. La convocatoria es para el pr\u00f3ximo mi\u00e9rcoles 23 de mayo, a las 15 horas, en sede de ATE, Entre R\u00edos 450.<\/p>\n<p style=\"font-weight: 400;\">\n","protected":false},"excerpt":{"rendered":"<p>El Consejo Directivo Provincia invita a la charla-debate que dictar\u00e1 la catedr\u00e1tica cubana Lourdes Regueiro, junto al compa\u00f1ero Carlos Rang. Se trata de un taller intensivo de una jornada que abordar\u00e1 el rol de la clase trabajadora en general, y del movimiento obrero organizado en particular, en la coyuntura internaci\u00f3n. La actividad estar\u00e1 coordinada por [&hellip;]<\/p>\n","protected":false},"author":1,"featured_media":14706,"comment_status":"open","ping_status":"open","sticky":false,"template":"","format":"standard","meta":{"_exactmetrics_skip_tracking":false,"_exactmetrics_sitenote_active":false,"_exactmetrics_sitenote_note":"","_exactmetrics_sitenote_category":0,"jnews-multi-image_gallery":[],"jnews_single_post":{"subtitle":"","format":"standard","video":"","gallery":"","source_name":"","source_url":"","via_name":"","via_url":"","override_template":"0","override":[{"template":"1","single_blog_custom":"","parallax":"1","fullscreen":"0","layout":"right-sidebar","sidebar":"default-sidebar","second_sidebar":"default-sidebar","sticky_sidebar":"1","share_position":"top","share_float_style":"share-monocrhome","show_share_counter":"1","show_view_counter":"1","show_featured":"1","show_post_meta":"1","show_post_author":"1","show_post_author_image":"1","show_post_date":"1","post_date_format":"default","post_date_format_custom":"Y\/m\/d","show_post_category":"1","show_post_reading_time":"0","post_reading_time_wpm":"300","show_zoom_button":"0","zoom_button_out_step":"2","zoom_button_in_step":"3","show_post_tag":"1","show_prev_next_post":"1","show_popup_post":"1","number_popup_post":"1","show_author_box":"0","show_post_related":"0","show_inline_post_related":"0"}],"override_image_size":"0","image_override":[{"single_post_thumbnail_size":"crop-500","single_post_gallery_size":"crop-500"}],"trending_post":"0","trending_post_position":"meta","trending_post_label":"Trending","sponsored_post":"0","sponsored_post_label":"Sponsored by","sponsored_post_name":"","sponsored_post_url":"","sponsored_post_logo_enable":"0","sponsored_post_logo":"","sponsored_post_desc":""},"jnews_primary_category":{"id":""},"jnews_social_meta":{"fb_title":"","fb_description":"","fb_image":"","twitter_title":"","twitter_description":"","twitter_image":""},"jnews_review":[],"enable_review":"0","type":"percentage","name":"","summary":"","brand":"","sku":"","good":[{"good_text":""}],"bad":[{"bad_text":""}],"score_override":"","override_value":"","rating":[{"rating_text":"","rating_number":"10"}],"price":[{"shop":"","price":"","link":"","icon":""}],"jnews_override_counter":{"override_view_counter":"0","view_counter_number":"0","override_share_counter":"0","share_counter_number":"0","override_like_counter":"0","like_counter_number":"0","override_dislike_counter":"0","dislike_counter_number":"0"},"jnews_post_split":{"enable_post_split":"0","post_split":[{"template":"1","tag":"h2","numbering":"asc","mode":"normal"}]},"footnotes":""},"categories":[88],"tags":[],"class_list":["post-10072","post","type-post","status-publish","format-standard","has-post-thumbnail","hentry","category-formacion"],"jetpack_featured_media_url":"https:\/\/atecordoba.org\/wp-content\/uploads\/2020\/05\/flyer-mayo-2018-e1526918867950.jpg","_links":{"self":[{"href":"https:\/\/atecordoba.org\/index.php?rest_route=\/wp\/v2\/posts\/10072","targetHints":{"allow":["GET"]}}],"collection":[{"href":"https:\/\/atecordoba.org\/index.php?rest_route=\/wp\/v2\/posts"}],"about":[{"href":"https:\/\/atecordoba.org\/index.php?rest_route=\/wp\/v2\/types\/post"}],"author":[{"embeddable":true,"href":"https:\/\/atecordoba.org\/index.php?rest_route=\/wp\/v2\/users\/1"}],"replies":[{"embeddable":true,"href":"https:\/\/atecordoba.org\/index.php?rest_route=%2Fwp%2Fv2%2Fcomments&post=10072"}],"version-history":[{"count":1,"href":"https:\/\/atecordoba.org\/index.php?rest_route=\/wp\/v2\/posts\/10072\/revisions"}],"predecessor-version":[{"id":19543,"href":"https:\/\/atecordoba.org\/index.php?rest_route=\/wp\/v2\/posts\/10072\/revisions\/19543"}],"wp:featuredmedia":[{"embeddable":true,"href":"https:\/\/atecordoba.org\/index.php?rest_route=\/wp\/v2\/media\/14706"}],"wp:attachment":[{"href":"https:\/\/atecordoba.org\/index.php?rest_route=%2Fwp%2Fv2%2Fmedia&parent=10072"}],"wp:term":[{"taxonomy":"category","embeddable":true,"href":"https:\/\/atecordoba.org\/index.php?rest_route=%2Fwp%2Fv2%2Fcategories&post=10072"},{"taxonomy":"post_tag","embeddable":true,"href":"https:\/\/atecordoba.org\/index.php?rest_route=%2Fwp%2Fv2%2Ftags&post=10072"}],"curies":[{"name":"wp","href":"https:\/\/api.w.org\/{rel}","templated":true}]}}