{"id":10067,"date":"2018-05-18T13:08:03","date_gmt":"2018-05-18T16:08:03","guid":{"rendered":"http:\/\/www.atecordoba.org\/?p=10067"},"modified":"2018-05-18T13:08:03","modified_gmt":"2018-05-18T16:08:03","slug":"reincorporan-a-trabajadores-despedidos-del-ycrt-y-punta-loyola","status":"publish","type":"post","link":"https:\/\/atecordoba.org\/?p=10067","title":{"rendered":"Reincorporan a trabajadores despedidos del YCRT y Punta Loyola"},"content":{"rendered":"<p class=\"copete\"><em>En el acta se volvi\u00f3 a rechazar la presentaci\u00f3n del Procedimiento Preventivo de Crisis.<\/em><\/p>\n<div class=\"sliderkit photoslider-1click sombra\">\n<div class=\"sliderkit-panels\">\n<div><img loading=\"lazy\" decoding=\"async\" class=\"aligncenter size-full wp-image-10068\" src=\"http:\/\/www.atecordoba.org\/wp-content\/uploads\/2018\/05\/ycf-e1526659632800.jpg\" alt=\"\" width=\"550\" height=\"413\"><\/div>\n<div class=\"sliderkit-panel sliderkit-panel-active\">\n<p style=\"font-weight: 400;\"><span style=\"font-style: inherit; font-weight: inherit;\">En el marco de los reclamos impulsados por ATE para la reincorporaci\u00f3n de los trabajadores despedidos en R\u00edo Turbio y Punta Loyola, que no aceptaron el retiro voluntario propuesto por la empresa, este jueves 17,&nbsp;&nbsp; se acord\u00f3 la restituci\u00f3n en sus puestos de trabajo de 167 compa\u00f1eros con las&nbsp; funciones de revista que desempe\u00f1aban antes de la notificaci\u00f3n de los despidos.<\/span><\/p>\n<p>La medida se obtuvo tras cuatro meses de lucha y resistencia, logrando mantener en pie el organismo, clave en el desarrollo estrat\u00e9gico del sector energ\u00e9tico del pa\u00eds.&nbsp;<\/p>\n<p style=\"font-weight: 400;\"><span style=\"font-style: inherit; font-weight: inherit;\">Entre los considerandos expuestos por los gremios el acta destaca que \u201cdeclarado abierto el acto por la funcionaria actuante e impuestos los comparecientes del motivo de la presente convocatoria conforme antecedentes de autos, toma la palabra la representaci\u00f3n sindical en conjunto: En primer lugar queremos reiterar nuestra exigencia de reinstalaci\u00f3n inmediata de todo el personal despedido y en funci\u00f3n de la notificaci\u00f3n cursada respecto de la Resoluci\u00f3n Ministerial que nos cita a esta audiencia, planteamos, que la presentaci\u00f3n del Procedimiento Preventivo de Crisis realizado por la empresa resulta a todas luces&nbsp; incompleta, abstracta, ambigua, careciendo de importante documentaci\u00f3n que&nbsp; acredite los extremos alegados por ella como los exigidos por los art. 98 a 105 ley 24013 y sus decretos reglamentarios, en particular se menciona la existencia de una supuesta crisis, sin especificar en qu\u00e9 consiste y porque motivos se ha generado, no se acompa\u00f1a el informe contable-financiero-econ\u00f3mico que acredite tal extremo, no se indica que medidas de car\u00e1cter econ\u00f3mico se van a implementar para superar la crisis (ej. Plan de inversi\u00f3n de capacitaciones de personal, etc), ni se indica en concreto cuales son las medidas que se pretenden implementar con el personal, por todo lo cual solicitamos del Ministerio intime a la empresa a acompa\u00f1ar (en soporte papel, firmado y autenticado), toda la documentaci\u00f3n faltante y adecuar su petici\u00f3n a lo legalmente estatuido para este PPC, ya que nos encontramos en total estado de indefensi\u00f3n a fin de plantear postura alguna en este proceso\u201d.<\/span><\/p>\n<p style=\"font-weight: 400;\"><span style=\"font-style: inherit; font-weight: inherit;\">Asimismo se observa que \u201cno obstante queremos dejar aclarado que no consentimos el procedimiento ni la resoluci\u00f3n Ministerial que abre el mismo y hacemos reserva de recurrir dicha resoluci\u00f3n una vez que contemos con toda la informaci\u00f3n\u201d y agrega que \u201catento lo dispuesto por los art 38 y 76 decreto 1759\/72 solicitamos se suspenda cualquier plazo que nos estuviere corriendo hasta que tomemos vista de todas la actuaciones Asimismo, el sector sindical exige la abstenci\u00f3n de cualquier medida y\/o sanci\u00f3n con fines persecutorios en contra de los trabajadores y sus representantes\u201d.<\/span><\/p>\n<p style=\"font-weight: 400;\"><span style=\"font-style: inherit; font-weight: inherit;\">El dirigente del CDN, Ernesto Contreras, se\u00f1al\u00f3 que con las reincorporaciones en curso los trabajadores volver\u00e1n a cobrar sus salarios que est\u00e1n ca\u00eddos desde el mes de enero. El dirigente explic\u00f3 que \u201cesto es as\u00ed porque los trabajadores no aceptaron el retiro voluntario, por lo tanto tal como hemos sostenido siempre aqu\u00ed se trato de despidos encubiertos, por ello s\u00f3lo cab\u00eda la reincorporaci\u00f3n\u201d.<\/span><\/p>\n<p style=\"font-weight: 400;\"><span style=\"font-style: inherit; font-weight: inherit;\">Respecto al pedido de la empresa por el procedimiento preventivo de crisis Contreras subray\u00f3 que \u201ces violatoria de toda norma legal ya que YCRT es una empresa estatal, no privada\u201d.<\/span><\/p>\n<p style=\"font-weight: 400;\"><span style=\"font-style: inherit; font-weight: inherit;\">El dirigente inform\u00f3 que est\u00e1 previsto que el d\u00eda 21 se retomen las tareas tanto en el yacimiento carbon\u00edfero de R\u00edo Turbio como en el complejo ferro portuario de Punta Loyola y se realizar\u00e1n asambleas para poner en conocimiento a lo\/as trabajadore\/as de la actual situaci\u00f3n.<\/span><\/p>\n<p style=\"font-weight: 400;\"><span style=\"font-style: inherit; font-weight: inherit;\">Contreras agradeci\u00f3 el apoyo habido por parte de la gente de R\u00edo Turbio y 28 de Noviembre y de las distintas organizaciones, que \u201cen unidad resistimos este atropello que sufrimos los trabajadores por parte del gobierno\u201d.&nbsp; &nbsp;<\/span><\/p>\n<p>&nbsp;<\/p><\/div>\n<\/div>\n<\/div>\n","protected":false},"excerpt":{"rendered":"<p>En el acta se volvi\u00f3 a rechazar la presentaci\u00f3n del Procedimiento Preventivo de Crisis. En el marco de los reclamos impulsados por ATE para la reincorporaci\u00f3n de los trabajadores despedidos en R\u00edo Turbio y Punta Loyola, que no aceptaron el retiro voluntario propuesto por la empresa, este jueves 17,&nbsp;&nbsp; se acord\u00f3 la restituci\u00f3n en sus [&hellip;]<\/p>\n","protected":false},"author":1,"featured_media":19220,"comment_status":"open","ping_status":"open","sticky":false,"template":"","format":"standard","meta":{"_exactmetrics_skip_tracking":false,"_exactmetrics_sitenote_active":false,"_exactmetrics_sitenote_note":"","_exactmetrics_sitenote_category":0,"jnews-multi-image_gallery":[],"jnews_single_post":[],"jnews_primary_category":[],"jnews_social_meta":[],"jnews_review":[],"enable_review":"","type":"","name":"","summary":"","brand":"","sku":"","good":[],"bad":[],"score_override":"","override_value":"","rating":[],"price":[],"jnews_override_counter":[],"jnews_post_split":[],"footnotes":""},"categories":[18],"tags":[],"class_list":["post-10067","post","type-post","status-publish","format-standard","has-post-thumbnail","hentry","category-nacionales"],"jetpack_featured_media_url":"https:\/\/atecordoba.org\/wp-content\/uploads\/2020\/05\/logo-nuevochico-e1561581322808.png","_links":{"self":[{"href":"https:\/\/atecordoba.org\/index.php?rest_route=\/wp\/v2\/posts\/10067","targetHints":{"allow":["GET"]}}],"collection":[{"href":"https:\/\/atecordoba.org\/index.php?rest_route=\/wp\/v2\/posts"}],"about":[{"href":"https:\/\/atecordoba.org\/index.php?rest_route=\/wp\/v2\/types\/post"}],"author":[{"embeddable":true,"href":"https:\/\/atecordoba.org\/index.php?rest_route=\/wp\/v2\/users\/1"}],"replies":[{"embeddable":true,"href":"https:\/\/atecordoba.org\/index.php?rest_route=%2Fwp%2Fv2%2Fcomments&post=10067"}],"version-history":[{"count":0,"href":"https:\/\/atecordoba.org\/index.php?rest_route=\/wp\/v2\/posts\/10067\/revisions"}],"wp:featuredmedia":[{"embeddable":true,"href":"https:\/\/atecordoba.org\/index.php?rest_route=\/wp\/v2\/media\/19220"}],"wp:attachment":[{"href":"https:\/\/atecordoba.org\/index.php?rest_route=%2Fwp%2Fv2%2Fmedia&parent=10067"}],"wp:term":[{"taxonomy":"category","embeddable":true,"href":"https:\/\/atecordoba.org\/index.php?rest_route=%2Fwp%2Fv2%2Fcategories&post=10067"},{"taxonomy":"post_tag","embeddable":true,"href":"https:\/\/atecordoba.org\/index.php?rest_route=%2Fwp%2Fv2%2Ftags&post=10067"}],"curies":[{"name":"wp","href":"https:\/\/api.w.org\/{rel}","templated":true}]}}