{"id":10055,"date":"2018-05-16T15:21:02","date_gmt":"2018-05-16T18:21:02","guid":{"rendered":"http:\/\/www.atecordoba.org\/?p=10055"},"modified":"2018-05-16T15:21:02","modified_gmt":"2018-05-16T18:21:02","slug":"solidaridad-con-la-lucha-de-los-trabajadores-de-epec","status":"publish","type":"post","link":"https:\/\/atecordoba.org\/?p=10055","title":{"rendered":"Solidaridad con la lucha de los trabajadores de Epec"},"content":{"rendered":"<p>&nbsp;<\/p>\n<p><em>El Consejo Directivo de ATE C\u00f3rdoba quiere expresar su m\u00e1s absoluta solidaridad con los trabajadores de Epec, as\u00ed como con su gremio Luz y Fuerza en estos momentos que el Gobierno Provincial arremete contra el convenio colectivo de trabajo, orgullo legado y conquista del compa\u00f1ero Agust\u00edn Tosco.<\/em><\/p>\n<p><img loading=\"lazy\" decoding=\"async\" class=\"aligncenter size-full wp-image-10056\" src=\"http:\/\/www.atecordoba.org\/wp-content\/uploads\/2018\/05\/DSC_0246-e1526494465551.jpg\" alt=\"\" width=\"550\" height=\"309\"><\/p>\n<p>Debemos destacar la resistencia que los compa\u00f1eros est\u00e1n oponiendo a los proyectos neoliberales y ajustadores que salen del Panal, con proyectos de ley absolutamente inconstitucionales, como el que hizo aprobar Schiaretti de regulaci\u00f3n de servicios esenciales, incluso con la provocaci\u00f3n de nombrar, como integrante de la comisi\u00f3n que aplicar\u00e1 esos ilegales criterios, a un interventor de la dictadura en nuestro propio gremio, como lo denunciamos oportunamente.<\/p>\n<p>Schiaretti tambi\u00e9n avanza con la pasividad anticipada y la rebaja de derechos de los jubilados con la implementaci\u00f3n de la ley 10333, destruyendo el 82% m\u00f3vil, una conquista hist\u00f3rica que ten\u00edan nuestros jubilados despu\u00e9s de una vida de trabajo y aportes al sistema jubilatorio.<\/p>\n<p>En consecuencia, saludamos la lucha de Luz y Fuerza e instamos al gobierno provincial a dar por finalizada esta pol\u00edtica en contra de los trabajadores y de sus organizaciones sindicales.<\/p>\n<p>Al igual que en todas aquellas oportunidades que la defensa de los derechos de los trabajadores nos encontr\u00f3 juntos en la calle y hoy nos encontramos nuevamente en este presente de lucha.<\/p>\n<p>#NoAlAjusteEnEpec #ElConvenioNoSetoca #NoAlRetiroVoluntario #ConLusyFuerzaNO #EstatalEIntegrada<\/p>\n<p style=\"text-align: right;\">Liliana Salerno<\/p>\n<p style=\"text-align: right;\">Secretaria General<\/p>\n","protected":false},"excerpt":{"rendered":"<p>&nbsp; El Consejo Directivo de ATE C\u00f3rdoba quiere expresar su m\u00e1s absoluta solidaridad con los trabajadores de Epec, as\u00ed como con su gremio Luz y Fuerza en estos momentos que el Gobierno Provincial arremete contra el convenio colectivo de trabajo, orgullo legado y conquista del compa\u00f1ero Agust\u00edn Tosco. Debemos destacar la resistencia que los compa\u00f1eros [&hellip;]<\/p>\n","protected":false},"author":1,"featured_media":19220,"comment_status":"open","ping_status":"open","sticky":false,"template":"","format":"standard","meta":{"_exactmetrics_skip_tracking":false,"_exactmetrics_sitenote_active":false,"_exactmetrics_sitenote_note":"","_exactmetrics_sitenote_category":0,"jnews-multi-image_gallery":[],"jnews_single_post":[],"jnews_primary_category":[],"jnews_social_meta":[],"jnews_review":[],"enable_review":"","type":"","name":"","summary":"","brand":"","sku":"","good":[],"bad":[],"score_override":"","override_value":"","rating":[],"price":[],"jnews_override_counter":[],"jnews_post_split":[],"footnotes":""},"categories":[10],"tags":[],"class_list":["post-10055","post","type-post","status-publish","format-standard","has-post-thumbnail","hentry","category-accion-politica"],"jetpack_featured_media_url":"https:\/\/atecordoba.org\/wp-content\/uploads\/2020\/05\/logo-nuevochico-e1561581322808.png","_links":{"self":[{"href":"https:\/\/atecordoba.org\/index.php?rest_route=\/wp\/v2\/posts\/10055","targetHints":{"allow":["GET"]}}],"collection":[{"href":"https:\/\/atecordoba.org\/index.php?rest_route=\/wp\/v2\/posts"}],"about":[{"href":"https:\/\/atecordoba.org\/index.php?rest_route=\/wp\/v2\/types\/post"}],"author":[{"embeddable":true,"href":"https:\/\/atecordoba.org\/index.php?rest_route=\/wp\/v2\/users\/1"}],"replies":[{"embeddable":true,"href":"https:\/\/atecordoba.org\/index.php?rest_route=%2Fwp%2Fv2%2Fcomments&post=10055"}],"version-history":[{"count":0,"href":"https:\/\/atecordoba.org\/index.php?rest_route=\/wp\/v2\/posts\/10055\/revisions"}],"wp:featuredmedia":[{"embeddable":true,"href":"https:\/\/atecordoba.org\/index.php?rest_route=\/wp\/v2\/media\/19220"}],"wp:attachment":[{"href":"https:\/\/atecordoba.org\/index.php?rest_route=%2Fwp%2Fv2%2Fmedia&parent=10055"}],"wp:term":[{"taxonomy":"category","embeddable":true,"href":"https:\/\/atecordoba.org\/index.php?rest_route=%2Fwp%2Fv2%2Fcategories&post=10055"},{"taxonomy":"post_tag","embeddable":true,"href":"https:\/\/atecordoba.org\/index.php?rest_route=%2Fwp%2Fv2%2Ftags&post=10055"}],"curies":[{"name":"wp","href":"https:\/\/api.w.org\/{rel}","templated":true}]}}