{"id":10049,"date":"2018-05-16T09:43:56","date_gmt":"2018-05-16T12:43:56","guid":{"rendered":"http:\/\/www.atecordoba.org\/?p=10049"},"modified":"2018-05-16T09:43:56","modified_gmt":"2018-05-16T12:43:56","slug":"corte-y-protesta-por-tres-despidos-en-la-cnrt","status":"publish","type":"post","link":"https:\/\/atecordoba.org\/?p=10049","title":{"rendered":"Corte y protesta por tres despidos en la CNRT"},"content":{"rendered":"<p><em>Los trabajadores de la Comisi\u00f3n Nacional de Regulaci\u00f3n de Transporte fueron notificados en la Terminal de Omnibus de C\u00f3rdoba de su despido.<\/em><\/p>\n<p><img loading=\"lazy\" decoding=\"async\" class=\"aligncenter size-full wp-image-10050\" src=\"http:\/\/www.atecordoba.org\/wp-content\/uploads\/2018\/05\/IMG_8492-e1526474443604.jpg\" alt=\"\" width=\"550\" height=\"413\"><\/p>\n<p>Se trata de compa\u00f1eros con a\u00f1os de antig\u00fcedad en el cargo y que revest\u00edan en calidad de &#8216;planta transitoria&#8217;, es decir, precarizados con contratos sin plazo. Los trabajadores fueron notificados el viernes, el lunes y ayer respectivamente.<\/p>\n<p>La CNRT es un organismo de control del transporte p\u00fablico dependiente del Ministerio de Transporte de la Naci\u00f3n.<\/p>\n<p>Ayer los trabajadores del sector, junto a compa\u00f1eros de la Comisi\u00f3n directiva del Consejo Provincial y delegados de otros sectores, realizaron una ruidosa protesta dentro de las instalaciones de la Terminal de Omnibus de la C\u00f3rdoba Capital, donde est\u00e1 la oficina de la CNRT.&nbsp;<\/p>\n<p><img loading=\"lazy\" decoding=\"async\" class=\"aligncenter size-full wp-image-10051\" src=\"http:\/\/www.atecordoba.org\/wp-content\/uploads\/2018\/05\/IMG_8480-e1526474505550.jpg\" alt=\"\" width=\"550\" height=\"413\"><\/p>\n<p>Adem\u00e1s, se llev\u00f3 a cabo un corte de calle en el ingreso de la terminal durante media hora para reclamar la reincorporaci\u00f3n de los despedidos.&nbsp;<\/p>\n<p>Estuvieron presentes el secretario Gremial, Diego Guerra, de Organizaci\u00f3n, V\u00edctor Lecuona, de Acci\u00f3n Social, Miriam Martino, y de Prensa, Daniel Pawluchuzk.&nbsp;&nbsp;<\/p>\n<p><img loading=\"lazy\" decoding=\"async\" class=\"aligncenter size-full wp-image-10053\" src=\"http:\/\/www.atecordoba.org\/wp-content\/uploads\/2018\/05\/IMG_8507-e1526474611794.jpg\" alt=\"\" width=\"550\" height=\"413\"><\/p>\n<p>&nbsp;<\/p>\n<p>Hasta la semana pasada la oficina local de la CNRT contaba con 11 inspectores para controlar 800 viajes diarios que entran y salen de la terminal cordobesa. Las autoridades pretenden que ahora ocho trabajadores cumplan con las mismas responsabilidades, poniendo en riesgo el transporte p\u00fablico de media y larga distancia, particularmente peligroso en C\u00f3rdoba donde llegan y salen miles de turistas que visitan la provincia.&nbsp;<\/p>\n<div class=\"epyt-video-wrapper\"><iframe loading=\"lazy\"  style=\"display: block; margin: 0px auto;\"  id=\"_ytid_96875\"  width=\"480\" height=\"270\"  data-origwidth=\"480\" data-origheight=\"270\" src=\"https:\/\/www.youtube.com\/embed\/xlXCsY9qYfM?enablejsapi=1&#038;autoplay=0&#038;cc_load_policy=0&#038;cc_lang_pref=&#038;iv_load_policy=3&#038;loop=0&#038;rel=0&#038;fs=1&#038;playsinline=0&#038;autohide=2&#038;theme=dark&#038;color=red&#038;controls=1&#038;disablekb=0&#038;\" class=\"__youtube_prefs__  epyt-is-override  no-lazyload\" title=\"YouTube player\"  allow=\"fullscreen; accelerometer; autoplay; clipboard-write; encrypted-media; gyroscope; picture-in-picture; web-share\" referrerpolicy=\"strict-origin-when-cross-origin\" allowfullscreen data-no-lazy=\"1\" data-skipgform_ajax_framebjll=\"\"><\/iframe><\/div>\n","protected":false},"excerpt":{"rendered":"<p>Los trabajadores de la Comisi\u00f3n Nacional de Regulaci\u00f3n de Transporte fueron notificados en la Terminal de Omnibus de C\u00f3rdoba de su despido. Se trata de compa\u00f1eros con a\u00f1os de antig\u00fcedad en el cargo y que revest\u00edan en calidad de &#8216;planta transitoria&#8217;, es decir, precarizados con contratos sin plazo. Los trabajadores fueron notificados el viernes, el [&hellip;]<\/p>\n","protected":false},"author":1,"featured_media":19220,"comment_status":"open","ping_status":"open","sticky":false,"template":"","format":"standard","meta":{"_exactmetrics_skip_tracking":false,"_exactmetrics_sitenote_active":false,"_exactmetrics_sitenote_note":"","_exactmetrics_sitenote_category":0,"jnews-multi-image_gallery":[],"jnews_single_post":[],"jnews_primary_category":[],"jnews_social_meta":[],"jnews_review":[],"enable_review":"","type":"","name":"","summary":"","brand":"","sku":"","good":[],"bad":[],"score_override":"","override_value":"","rating":[],"price":[],"jnews_override_counter":[],"jnews_post_split":[],"footnotes":""},"categories":[134],"tags":[],"class_list":["post-10049","post","type-post","status-publish","format-standard","has-post-thumbnail","hentry","category-cnrt"],"jetpack_featured_media_url":"https:\/\/atecordoba.org\/wp-content\/uploads\/2020\/05\/logo-nuevochico-e1561581322808.png","_links":{"self":[{"href":"https:\/\/atecordoba.org\/index.php?rest_route=\/wp\/v2\/posts\/10049","targetHints":{"allow":["GET"]}}],"collection":[{"href":"https:\/\/atecordoba.org\/index.php?rest_route=\/wp\/v2\/posts"}],"about":[{"href":"https:\/\/atecordoba.org\/index.php?rest_route=\/wp\/v2\/types\/post"}],"author":[{"embeddable":true,"href":"https:\/\/atecordoba.org\/index.php?rest_route=\/wp\/v2\/users\/1"}],"replies":[{"embeddable":true,"href":"https:\/\/atecordoba.org\/index.php?rest_route=%2Fwp%2Fv2%2Fcomments&post=10049"}],"version-history":[{"count":0,"href":"https:\/\/atecordoba.org\/index.php?rest_route=\/wp\/v2\/posts\/10049\/revisions"}],"wp:featuredmedia":[{"embeddable":true,"href":"https:\/\/atecordoba.org\/index.php?rest_route=\/wp\/v2\/media\/19220"}],"wp:attachment":[{"href":"https:\/\/atecordoba.org\/index.php?rest_route=%2Fwp%2Fv2%2Fmedia&parent=10049"}],"wp:term":[{"taxonomy":"category","embeddable":true,"href":"https:\/\/atecordoba.org\/index.php?rest_route=%2Fwp%2Fv2%2Fcategories&post=10049"},{"taxonomy":"post_tag","embeddable":true,"href":"https:\/\/atecordoba.org\/index.php?rest_route=%2Fwp%2Fv2%2Ftags&post=10049"}],"curies":[{"name":"wp","href":"https:\/\/api.w.org\/{rel}","templated":true}]}}