{"id":10034,"date":"2018-05-11T13:08:01","date_gmt":"2018-05-11T16:08:01","guid":{"rendered":"http:\/\/www.atecordoba.org\/?p=10034"},"modified":"2018-05-11T13:08:01","modified_gmt":"2018-05-11T16:08:01","slug":"paro-nacional-ate-se-movilizo-a-agricultura-familiar-y-la-unc","status":"publish","type":"post","link":"https:\/\/atecordoba.org\/?p=10034","title":{"rendered":"Paro nacional: ATE se moviliz\u00f3 a Agricultura Familiar y la UNC"},"content":{"rendered":"<p><em>ATE march\u00f3 ayer en el marco de la Jornada Nacional de Lucha de la CTA-A, con partos y movilizaciones en todo el pa\u00eds, en rechazo a los despidos, los bajos salarios y el ajuste del gobierno de Macri.&nbsp;<\/em><\/p>\n<p><img loading=\"lazy\" decoding=\"async\" class=\"aligncenter size-full wp-image-10035\" src=\"http:\/\/www.atecordoba.org\/wp-content\/uploads\/2018\/05\/primera.png\" alt=\"\" width=\"550\" height=\"347\"><\/p>\n<p>La concentraci\u00f3n se realiz\u00f3 frente a la sede de Agricultura Familiar de la Naci\u00f3n, uno de los sectores m\u00e1s castigados del Ministerio de Agroindustria junto a Senasa, donde los despedidos se cuentan por cientos. All\u00ed se congregaron compa\u00f1eros de INTI, Senasa, Anac, la UNC, Ministerio de Desarrollo Social de la Naci\u00f3n, Enacom, Conicet y la ex Comisi\u00f3n de Pensiones, delegados de hospitales provinciales, junto a Compa\u00f1eros de la SAF.<\/p>\n<p><img loading=\"lazy\" decoding=\"async\" class=\"aligncenter size-full wp-image-10038\" src=\"http:\/\/www.atecordoba.org\/wp-content\/uploads\/2018\/05\/salerno-e1526054346367.jpeg\" alt=\"\" width=\"550\" height=\"330\"><\/p>\n<p>&nbsp;<\/p>\n<p>La secretaria General del Consejo Directivo Provincial, Mar\u00eda Liliana Salerno, expres\u00f3 la preocupaci\u00f3n de nuestro gremio por la escalada de despidos del primer semestre del 2018. &#8220;Sabemos que vienen por el desguace del Estado, que nunca permitieron que existieran canales de di\u00e1logo de verdad para resolver la conflictividad y contener los reclamos. Por eso estamos en la calle, rechazando el ajuste, porque somos un gremio combativo que no negocia los puestos de trabajo. Pero tambi\u00e9n somos concientes que solos es m\u00e1s dif\u00edcil y que necesitamos un paro nacional que detenga a Macri y su concierto de gobernadores aplaudidores, como es el caso del cordob\u00e9s Schiaretti&#8221;, resumi\u00f3.&nbsp;<\/p>\n<p><img loading=\"lazy\" decoding=\"async\" class=\"aligncenter size-full wp-image-10039\" src=\"http:\/\/www.atecordoba.org\/wp-content\/uploads\/2018\/05\/tercera.png\" alt=\"\" width=\"550\" height=\"412\"><\/p>\n<p>La dirigente continu\u00f3 su alocuci\u00f3n reclamando &#8220;un paro donde no se mueva una hoja&#8221;. &#8220;El movimiento obrero cordob\u00e9s debe levantar las banderas que marcaron su historia como el Cordobazo y la unidad en la lucha obrera. es bueno que lo recordemos a casi medio siglo que aquellas jornadas gloriosas para los trabajadores cordobeses&#8221;, afirm\u00f3. &#8220;Esto debe ser transversal a todo el movimiento obrero, m\u00e1s all\u00e1 de algunas diferencias de posicionamientos partidarias. ATE es aut\u00f3nomo y vamos a estar siempre en la trinchera de la defensa de los derechos de los trabajadores, gobierne quien gobierne&#8221;, concluy\u00f3.<\/p>\n<p>Posteriormente, los trabajadores de la SAF tambi\u00e9n reclamaron unidad para revertir el ajuste y los despidos. El delegado Carlos Rang dijo que &#8220;ATE y la CTA-A est\u00e1n poniendo lo que hay que poner para resistir el ajuste y agradecemos la presencia de todos en esta movilizaci\u00f3n. Tambi\u00e9n reclamamos que las peque\u00f1eces de los dirigentes no entorpezcan la lucha de los trabajadores&#8221;.<\/p>\n<p><img loading=\"lazy\" decoding=\"async\" class=\"aligncenter size-full wp-image-10040\" src=\"http:\/\/www.atecordoba.org\/wp-content\/uploads\/2018\/05\/cuarta.png\" alt=\"\" width=\"550\" height=\"412\"><\/p>\n<p>A su turno, el secretario General de la CTA-A, Guido Drezik, destac\u00f3 que la medida de fuerza se ubica en el marco de la &#8220;construcci\u00f3n de un paro general&#8221;. &#8220;Estamos aportando desde la CTA y ATE a esa gran medida de fuerza que exprese el rechazo de los trabajadores al saqueo de este gobierno y a la vuelta al FMI. La extensi\u00f3n territorial que estamos dando al paro de hoy, las movilizaciones y presencia de la protesta en las principales ciudades del pa\u00eds, dan cuenta de la importancia de esta jornada de protesta para construir ese paro general que estamos reclamando todos&#8221;, afirm\u00f3 el dirigente.<\/p>\n<p><strong>En la UNC<\/strong><\/p>\n<p>Finalizados los discursos, comenz\u00f3 la movilizaci\u00f3n para movilizarnos hasta la ciudad universitaria, donde en ese momento las autoridades realizaban un acto para entregar el t\u00edtulo Honoris Causa al ex presidente uruguayo Jos\u00e9 Pepe Mujica. Frente al Pabell\u00f3n Argentina, se realiz\u00f3 el acto de cierre de la marcha.<\/p>\n<p>All\u00ed hablaron diversos delegados de los sectores en lucha.&nbsp;<\/p>\n<p><img loading=\"lazy\" decoding=\"async\" class=\"aligncenter size-full wp-image-10041\" src=\"http:\/\/www.atecordoba.org\/wp-content\/uploads\/2018\/05\/quinta.png\" alt=\"\" width=\"550\" height=\"412\"><\/p>\n<p>La delegada de Desarrollo Social, Soledad Micoli, lament\u00f3 el despido de 67 compa\u00f1eros de la ex Comisi\u00f3n de Pensiones y denunci\u00f3 que &#8220;con el nombre de reestructuraci\u00f3n, hoy no hay pol\u00edticas de asistencia&#8221;; el delegado de la Subsecretaria de Agricultura Familiar Facundo Sarri afirm\u00f3 que &#8220;desde el 2016 este gobierno est\u00e1 achicando el Estado en todo el pa\u00eds y el abandono de toda pol\u00edtica p\u00fablica que sostenga a los peque\u00f1os productores rurales&#8221;, adem\u00e1s denunci\u00f3 que tres despidos en enero y cinco en abril pasado; de la misma forma, el compa\u00f1ero del INTI Julian Nicastro destall\u00f3 los tres meses de lucha que se vienen desarrollando en el sector y traslad\u00f3 el reclamo general para que se reincorporen los despedidos.<\/p>\n<p><img loading=\"lazy\" decoding=\"async\" class=\"aligncenter size-full wp-image-10042\" src=\"http:\/\/www.atecordoba.org\/wp-content\/uploads\/2018\/05\/sexta.png\" alt=\"\" width=\"550\" height=\"412\"><\/p>\n<p>Por \u00faltimo cerr\u00f3 el acto el secretario Progremial Francisco Pav\u00e1n para &#8220;saludar la presencia del compa\u00f1ero Pepe Mujica en al UNC&#8221;, y afirm\u00f3 que &#8220;necesitamos un Estado presente que tiene a los trabajadores como \u00fanica herramienta para hacerlo efectivo. por eso exigimos que cambien las pol\u00edticas y terminen con los despidos ya que desde que asumieron son alrededor de 20 mil los compa\u00f1eros que perdieron su trabajo&#8221;.<\/p>\n<p>&nbsp;<\/p>\n","protected":false},"excerpt":{"rendered":"<p>ATE march\u00f3 ayer en el marco de la Jornada Nacional de Lucha de la CTA-A, con partos y movilizaciones en todo el pa\u00eds, en rechazo a los despidos, los bajos salarios y el ajuste del gobierno de Macri.&nbsp; La concentraci\u00f3n se realiz\u00f3 frente a la sede de Agricultura Familiar de la Naci\u00f3n, uno de los [&hellip;]<\/p>\n","protected":false},"author":1,"featured_media":19220,"comment_status":"open","ping_status":"open","sticky":false,"template":"","format":"standard","meta":{"_exactmetrics_skip_tracking":false,"_exactmetrics_sitenote_active":false,"_exactmetrics_sitenote_note":"","_exactmetrics_sitenote_category":0,"jnews-multi-image_gallery":[],"jnews_single_post":[],"jnews_primary_category":[],"jnews_social_meta":[],"jnews_review":[],"enable_review":"","type":"","name":"","summary":"","brand":"","sku":"","good":[],"bad":[],"score_override":"","override_value":"","rating":[],"price":[],"jnews_override_counter":[],"jnews_post_split":[],"footnotes":""},"categories":[92,21],"tags":[],"class_list":["post-10034","post","type-post","status-publish","format-standard","has-post-thumbnail","hentry","category-cta","category-paro-nacional"],"jetpack_featured_media_url":"https:\/\/atecordoba.org\/wp-content\/uploads\/2020\/05\/logo-nuevochico-e1561581322808.png","_links":{"self":[{"href":"https:\/\/atecordoba.org\/index.php?rest_route=\/wp\/v2\/posts\/10034","targetHints":{"allow":["GET"]}}],"collection":[{"href":"https:\/\/atecordoba.org\/index.php?rest_route=\/wp\/v2\/posts"}],"about":[{"href":"https:\/\/atecordoba.org\/index.php?rest_route=\/wp\/v2\/types\/post"}],"author":[{"embeddable":true,"href":"https:\/\/atecordoba.org\/index.php?rest_route=\/wp\/v2\/users\/1"}],"replies":[{"embeddable":true,"href":"https:\/\/atecordoba.org\/index.php?rest_route=%2Fwp%2Fv2%2Fcomments&post=10034"}],"version-history":[{"count":0,"href":"https:\/\/atecordoba.org\/index.php?rest_route=\/wp\/v2\/posts\/10034\/revisions"}],"wp:featuredmedia":[{"embeddable":true,"href":"https:\/\/atecordoba.org\/index.php?rest_route=\/wp\/v2\/media\/19220"}],"wp:attachment":[{"href":"https:\/\/atecordoba.org\/index.php?rest_route=%2Fwp%2Fv2%2Fmedia&parent=10034"}],"wp:term":[{"taxonomy":"category","embeddable":true,"href":"https:\/\/atecordoba.org\/index.php?rest_route=%2Fwp%2Fv2%2Fcategories&post=10034"},{"taxonomy":"post_tag","embeddable":true,"href":"https:\/\/atecordoba.org\/index.php?rest_route=%2Fwp%2Fv2%2Ftags&post=10034"}],"curies":[{"name":"wp","href":"https:\/\/api.w.org\/{rel}","templated":true}]}}