{"id":10031,"date":"2018-05-08T14:51:18","date_gmt":"2018-05-08T17:51:18","guid":{"rendered":"http:\/\/www.atecordoba.org\/?p=10031"},"modified":"2018-05-08T14:51:18","modified_gmt":"2018-05-08T17:51:18","slug":"jornada-de-protesta-y-paro-nacional-contra-los-despidos-y-los-bajos-salarios","status":"publish","type":"post","link":"https:\/\/atecordoba.org\/?p=10031","title":{"rendered":"Jornada de Protesta y Paro nacional contra los despidos y los bajos salarios"},"content":{"rendered":"<p><em>ATE se moviliza este jueves <strong>10 de mayo <\/strong>en el marco del paro nacional resuelto por la CTA Aut\u00f3noma y nuestro gremio en todo el pa\u00eds contra los despidos y el ajuste.<\/em><\/p>\n<p><img loading=\"lazy\" decoding=\"async\" class=\"aligncenter size-full wp-image-10032\" src=\"http:\/\/www.atecordoba.org\/wp-content\/uploads\/2018\/05\/paro-nacional-10-5-e1525801492553.png\" alt=\"\" width=\"550\" height=\"367\"><\/p>\n<p>En&nbsp; nuestra provincia el impacto de la pol\u00edtica de achicamiento del Estado y los salarios tiene impacto directo en diversos organismos del Estado y sectores de la administraci\u00f3n p\u00fablica que reclaman una recomposici\u00f3n que compense la inflaci\u00f3n y los tarifazos.<\/p>\n<p>En tal sentido, recientemente se produjeron 67 despidos en la ex Comisi\u00f3n Nacional de Pensiones y 300 en la Subsecretaria de Agricultura Familiar, produciendo un golpe directo a las pol\u00edticas p\u00fablicas en sectores claramente vulnerables.<\/p>\n<p>Por un lado las personas discapacitadas, que tienen 100 mil expedientes parados, por otro los peque\u00f1os productores rurales de productos frescos, mientras se promociona con bajas de retenciones millonarias a los pooles sojeros y al mismo tiempo se desfinancia al Estado.<\/p>\n<p>Mientras, el gobierno de Macri, que vuelve al FMI para atemperar una crisis financiera inocultable, acusa a los trabajadores de producir el d\u00e9ficit p\u00fablico.<\/p>\n<p>El Consejo Directivo Provincial de ATE denuncia que todo achicamiento salarial, todo ajuste sobre los trabajadores conlleva retroceso en los derechos efectivos de la poblaci\u00f3n:<\/p>\n<ul>\n<li>Basta de despidos: reincorporaci\u00f3n ya<\/li>\n<li>El 15% de aumento no alcanza: exigimos una recomposici\u00f3n salarial para compensar la inflaci\u00f3n y los tarifazos<\/li>\n<li>Rechazamos una reforma laboral conlleva el retroceso de nuestros derechos<\/li>\n<\/ul>\n<p>En C\u00f3rdoba, nos concentramos a las 10 horas en Luis Braille 2036, B\u00ba Maip\u00fa, para movilizarnos.<\/p>\n<p>Mar\u00eda Liliana Salerno<\/p>\n<p>Secretaria General<\/p>\n<p>&nbsp;&nbsp;<\/p>\n<p>&nbsp;<\/p>\n<p>&nbsp;<\/p>\n","protected":false},"excerpt":{"rendered":"<p>ATE se moviliza este jueves 10 de mayo en el marco del paro nacional resuelto por la CTA Aut\u00f3noma y nuestro gremio en todo el pa\u00eds contra los despidos y el ajuste. En&nbsp; nuestra provincia el impacto de la pol\u00edtica de achicamiento del Estado y los salarios tiene impacto directo en diversos organismos del Estado [&hellip;]<\/p>\n","protected":false},"author":1,"featured_media":19220,"comment_status":"open","ping_status":"open","sticky":false,"template":"","format":"standard","meta":{"_exactmetrics_skip_tracking":false,"_exactmetrics_sitenote_active":false,"_exactmetrics_sitenote_note":"","_exactmetrics_sitenote_category":0,"jnews-multi-image_gallery":[],"jnews_single_post":[],"jnews_primary_category":[],"jnews_social_meta":[],"jnews_review":[],"enable_review":"","type":"","name":"","summary":"","brand":"","sku":"","good":[],"bad":[],"score_override":"","override_value":"","rating":[],"price":[],"jnews_override_counter":[],"jnews_post_split":[],"footnotes":""},"categories":[21],"tags":[],"class_list":["post-10031","post","type-post","status-publish","format-standard","has-post-thumbnail","hentry","category-paro-nacional"],"jetpack_featured_media_url":"https:\/\/atecordoba.org\/wp-content\/uploads\/2020\/05\/logo-nuevochico-e1561581322808.png","_links":{"self":[{"href":"https:\/\/atecordoba.org\/index.php?rest_route=\/wp\/v2\/posts\/10031","targetHints":{"allow":["GET"]}}],"collection":[{"href":"https:\/\/atecordoba.org\/index.php?rest_route=\/wp\/v2\/posts"}],"about":[{"href":"https:\/\/atecordoba.org\/index.php?rest_route=\/wp\/v2\/types\/post"}],"author":[{"embeddable":true,"href":"https:\/\/atecordoba.org\/index.php?rest_route=\/wp\/v2\/users\/1"}],"replies":[{"embeddable":true,"href":"https:\/\/atecordoba.org\/index.php?rest_route=%2Fwp%2Fv2%2Fcomments&post=10031"}],"version-history":[{"count":0,"href":"https:\/\/atecordoba.org\/index.php?rest_route=\/wp\/v2\/posts\/10031\/revisions"}],"wp:featuredmedia":[{"embeddable":true,"href":"https:\/\/atecordoba.org\/index.php?rest_route=\/wp\/v2\/media\/19220"}],"wp:attachment":[{"href":"https:\/\/atecordoba.org\/index.php?rest_route=%2Fwp%2Fv2%2Fmedia&parent=10031"}],"wp:term":[{"taxonomy":"category","embeddable":true,"href":"https:\/\/atecordoba.org\/index.php?rest_route=%2Fwp%2Fv2%2Fcategories&post=10031"},{"taxonomy":"post_tag","embeddable":true,"href":"https:\/\/atecordoba.org\/index.php?rest_route=%2Fwp%2Fv2%2Ftags&post=10031"}],"curies":[{"name":"wp","href":"https:\/\/api.w.org\/{rel}","templated":true}]}}