{"id":10026,"date":"2018-05-03T11:53:09","date_gmt":"2018-05-03T14:53:09","guid":{"rendered":"http:\/\/www.atecordoba.org\/?p=10026"},"modified":"2018-05-03T11:53:09","modified_gmt":"2018-05-03T14:53:09","slug":"asamblea-en-educacion-mantiene-en-pie-el-plan-de-lucha","status":"publish","type":"post","link":"https:\/\/atecordoba.org\/?p=10026","title":{"rendered":"Asamblea en Educaci\u00f3n mantiene en pie el plan de lucha"},"content":{"rendered":"<p><em>Los trabajadores de la Direcci\u00f3n de Administraci\u00f3n de la cartera educativa reclaman un adicional que las autoridades se niegan a pagar desde hace un a\u00f1o y medio a pesar que se cobra en otras reparticiones.<\/em><\/p>\n<p><img loading=\"lazy\" decoding=\"async\" class=\"aligncenter size-full wp-image-10027\" src=\"http:\/\/www.atecordoba.org\/wp-content\/uploads\/2018\/05\/WhatsApp-Image-2018-05-02-at-10.34.14-e1525358945351.jpeg\" alt=\"\" width=\"550\" height=\"309\"><\/p>\n<p>Fue total la respuesta de los trabajadores a la convocatoria del cuerpo de delegados de ATE para debatir y hacer p\u00fablico el reclamo salarial en el Ministerio de Educaci\u00f3n. El sector se paraliz\u00f3 a partir de las 10 horas cuando el delgado Gustavo Valenzuela, acompa\u00f1ado por los compa\u00f1eros del CDP Walter Secondino, secretario Administrativo y Diego Guerra, secretario Gremial, entre otros, llam\u00f3 a los compa\u00f1eros para reiterar el reclamo que vienen manifestando hace tiempo por un adicional en los haberes.<\/p>\n<p>Hasta el momento las autoridades hicieron o\u00eddos sordos al leg\u00edtimo reclamo. &#8220;Es una bonificaci\u00f3n que cobran otros trabajadores que integran el mismo estatuto y por igual cargo en otras reparticiones . Parece que ac\u00e1 tenemos mala suerte y que por eso no lo quieren pagar&#8221;, dijo con iron\u00eda Valenzuela. &#8220;O ser\u00e1 que le sacamos a la luz varios chanchullos que ahora est\u00e1 investigando la Fiscal\u00eda de Estado de la Provincia, nombramientos de parientes, creaci\u00f3n de cargos truchos para hacer pol\u00edtica, corrupci\u00f3n en general que no les dejamos pasar y por eso nos castigan. Por defender el Estado como corresponde&#8221;, enumer\u00f3 el delegado.&nbsp;<\/p>\n<p><img loading=\"lazy\" decoding=\"async\" class=\"aligncenter size-full wp-image-10028\" src=\"http:\/\/www.atecordoba.org\/wp-content\/uploads\/2018\/05\/secon-e1525358979204.jpeg\" alt=\"\" width=\"550\" height=\"309\"><\/p>\n<p>En tal sentido, tanto los delegados como los afiliados denunciaron la persecuci\u00f3n por motivos gremiales que se realiza en el edificio de calle Santa Rosa y reclamaron que finalice la actitud prepotente y discriminatoria que sufre ATE en el Ministerio.&nbsp;<\/p>\n<p>Por otro lado, se reclam\u00f3 por problemas edilicios que vuelven riesgoso el trabajo en el lugar.&nbsp;&nbsp;<\/p>\n<p>Para la semana que viene est\u00e1 previsto continuar con las asambleas los d\u00edas martes y jueves, a partir de las 10 horas.<\/p>\n<p>&nbsp;<\/p>\n","protected":false},"excerpt":{"rendered":"<p>Los trabajadores de la Direcci\u00f3n de Administraci\u00f3n de la cartera educativa reclaman un adicional que las autoridades se niegan a pagar desde hace un a\u00f1o y medio a pesar que se cobra en otras reparticiones. Fue total la respuesta de los trabajadores a la convocatoria del cuerpo de delegados de ATE para debatir y hacer [&hellip;]<\/p>\n","protected":false},"author":1,"featured_media":19220,"comment_status":"open","ping_status":"open","sticky":false,"template":"","format":"standard","meta":{"_exactmetrics_skip_tracking":false,"_exactmetrics_sitenote_active":false,"_exactmetrics_sitenote_note":"","_exactmetrics_sitenote_category":0,"jnews-multi-image_gallery":[],"jnews_single_post":[],"jnews_primary_category":[],"jnews_social_meta":[],"jnews_review":[],"enable_review":"","type":"","name":"","summary":"","brand":"","sku":"","good":[],"bad":[],"score_override":"","override_value":"","rating":[],"price":[],"jnews_override_counter":[],"jnews_post_split":[],"footnotes":""},"categories":[114,8],"tags":[],"class_list":["post-10026","post","type-post","status-publish","format-standard","has-post-thumbnail","hentry","category-ministerio-educacion","category-provinciales"],"jetpack_featured_media_url":"https:\/\/atecordoba.org\/wp-content\/uploads\/2020\/05\/logo-nuevochico-e1561581322808.png","_links":{"self":[{"href":"https:\/\/atecordoba.org\/index.php?rest_route=\/wp\/v2\/posts\/10026","targetHints":{"allow":["GET"]}}],"collection":[{"href":"https:\/\/atecordoba.org\/index.php?rest_route=\/wp\/v2\/posts"}],"about":[{"href":"https:\/\/atecordoba.org\/index.php?rest_route=\/wp\/v2\/types\/post"}],"author":[{"embeddable":true,"href":"https:\/\/atecordoba.org\/index.php?rest_route=\/wp\/v2\/users\/1"}],"replies":[{"embeddable":true,"href":"https:\/\/atecordoba.org\/index.php?rest_route=%2Fwp%2Fv2%2Fcomments&post=10026"}],"version-history":[{"count":0,"href":"https:\/\/atecordoba.org\/index.php?rest_route=\/wp\/v2\/posts\/10026\/revisions"}],"wp:featuredmedia":[{"embeddable":true,"href":"https:\/\/atecordoba.org\/index.php?rest_route=\/wp\/v2\/media\/19220"}],"wp:attachment":[{"href":"https:\/\/atecordoba.org\/index.php?rest_route=%2Fwp%2Fv2%2Fmedia&parent=10026"}],"wp:term":[{"taxonomy":"category","embeddable":true,"href":"https:\/\/atecordoba.org\/index.php?rest_route=%2Fwp%2Fv2%2Fcategories&post=10026"},{"taxonomy":"post_tag","embeddable":true,"href":"https:\/\/atecordoba.org\/index.php?rest_route=%2Fwp%2Fv2%2Ftags&post=10026"}],"curies":[{"name":"wp","href":"https:\/\/api.w.org\/{rel}","templated":true}]}}