{"id":10022,"date":"2018-05-02T10:22:24","date_gmt":"2018-05-02T13:22:24","guid":{"rendered":"http:\/\/www.atecordoba.org\/?p=10022"},"modified":"2018-05-02T10:22:24","modified_gmt":"2018-05-02T13:22:24","slug":"la-cta-a-ratifico-elecciones-para-el-8-de-agosto-y-paro-nacional-el-10-de-mayo","status":"publish","type":"post","link":"https:\/\/atecordoba.org\/?p=10022","title":{"rendered":"La CTA-A ratific\u00f3 elecciones para el 8 de agosto y paro nacional el 10 de mayo"},"content":{"rendered":"<p><em>Resoluciones del Congreso Nacional Ordinario y Extraordinario.<\/em><\/p>\n<p><img loading=\"lazy\" decoding=\"async\" class=\"aligncenter size-full wp-image-10023\" src=\"http:\/\/www.atecordoba.org\/wp-content\/uploads\/2018\/05\/votancion-cta-e1525267089647.jpg\" alt=\"\" width=\"550\" height=\"309\"><\/p>\n<p style=\"font-weight: 400;\"><span style=\"font-style: inherit; font-weight: inherit;\">Ante un auditorio colmado de 454 congresales, de un total de 656, con la presencia de invitados internacionales de Centrales sindicales de Am\u00e9rica y Europa y de organizaciones hermanas del campo popular, el Congreso Ordinario y Extraordinario de la CTA-A sesion\u00f3 en la sede del club Unione e Benevolenza de esta capital.&nbsp;<\/span><\/p>\n<p>Estuvieron presentes compa\u00f1eros congresales de toda la provincia de C\u00f3rdoba, con una numerosa delegaci\u00f3n de ATE, as\u00ed como de compa\u00f1eros de otras organizaciones que integran la Central.&nbsp;<\/p>\n<p style=\"font-weight: 400;\"><span style=\"font-style: inherit; font-weight: inherit;\">A continuaci\u00f3n, ACTA reproduce las resoluciones m\u00e1s destacadas:<\/span><\/p>\n<p style=\"font-weight: 400;\"><span style=\"font-style: inherit; font-weight: inherit;\">&#8211; Ratificaci\u00f3n del llamado a elecciones nacionales, con el voto directo de sus afiliados, para elegir autoridades de la CTA-A para el per\u00edodo 2018-2022, que tendr\u00e1n lugar el 8 de agosto.<\/span><\/p>\n<p><img loading=\"lazy\" decoding=\"async\" class=\"aligncenter size-full wp-image-10024\" src=\"http:\/\/www.atecordoba.org\/wp-content\/uploads\/2018\/05\/mesa-de-conduccion-e1525267222940.jpg\" alt=\"\" width=\"550\" height=\"413\"><\/p>\n<p style=\"font-weight: 400;\"><span style=\"font-style: inherit; font-weight: inherit;\">&#8211; Convocar a paro general para el 10 de mayo en todo el pa\u00eds, con acciones y movilizaciones en todas las provincias, repudiar el ajuste, el techo a las paritarias, los despidos, la precarizaci\u00f3n laboral, la represi\u00f3n y criminalizaci\u00f3n de la protesta social.<\/span><\/p>\n<p style=\"font-weight: 400;\"><span style=\"font-style: inherit; font-weight: inherit;\">&#8211; Conformar la comisi\u00f3n de trabajo presidida por Alejandra Angriman, Secretaria de G\u00e9nero, para que promuevan la reforma de Estatuto para incluir representaci\u00f3n de minor\u00edas y representaci\u00f3n para la igualdad de g\u00e9nero.<\/span><\/p>\n<p style=\"font-weight: 400;\"><span style=\"font-style: inherit; font-weight: inherit;\">&#8211; Ampliar la conducci\u00f3n de la Central para adaptar el espacio a las nuevas realidades de la CTA Aut\u00f3noma, incorporando a las nuevas organizaciones que no integran esta conducci\u00f3n.<\/span><\/p>\n<p style=\"font-weight: 400;\"><b><strong style=\"font-style: inherit;\">Prensa Agencia Acta<\/strong><\/b><\/p>\n","protected":false},"excerpt":{"rendered":"<p>Resoluciones del Congreso Nacional Ordinario y Extraordinario. Ante un auditorio colmado de 454 congresales, de un total de 656, con la presencia de invitados internacionales de Centrales sindicales de Am\u00e9rica y Europa y de organizaciones hermanas del campo popular, el Congreso Ordinario y Extraordinario de la CTA-A sesion\u00f3 en la sede del club Unione e [&hellip;]<\/p>\n","protected":false},"author":1,"featured_media":19220,"comment_status":"open","ping_status":"open","sticky":false,"template":"","format":"standard","meta":{"_exactmetrics_skip_tracking":false,"_exactmetrics_sitenote_active":false,"_exactmetrics_sitenote_note":"","_exactmetrics_sitenote_category":0,"jnews-multi-image_gallery":[],"jnews_single_post":[],"jnews_primary_category":[],"jnews_social_meta":[],"jnews_review":[],"enable_review":"","type":"","name":"","summary":"","brand":"","sku":"","good":[],"bad":[],"score_override":"","override_value":"","rating":[],"price":[],"jnews_override_counter":[],"jnews_post_split":[],"footnotes":""},"categories":[10,92],"tags":[],"class_list":["post-10022","post","type-post","status-publish","format-standard","has-post-thumbnail","hentry","category-accion-politica","category-cta"],"jetpack_featured_media_url":"https:\/\/atecordoba.org\/wp-content\/uploads\/2020\/05\/logo-nuevochico-e1561581322808.png","_links":{"self":[{"href":"https:\/\/atecordoba.org\/index.php?rest_route=\/wp\/v2\/posts\/10022","targetHints":{"allow":["GET"]}}],"collection":[{"href":"https:\/\/atecordoba.org\/index.php?rest_route=\/wp\/v2\/posts"}],"about":[{"href":"https:\/\/atecordoba.org\/index.php?rest_route=\/wp\/v2\/types\/post"}],"author":[{"embeddable":true,"href":"https:\/\/atecordoba.org\/index.php?rest_route=\/wp\/v2\/users\/1"}],"replies":[{"embeddable":true,"href":"https:\/\/atecordoba.org\/index.php?rest_route=%2Fwp%2Fv2%2Fcomments&post=10022"}],"version-history":[{"count":0,"href":"https:\/\/atecordoba.org\/index.php?rest_route=\/wp\/v2\/posts\/10022\/revisions"}],"wp:featuredmedia":[{"embeddable":true,"href":"https:\/\/atecordoba.org\/index.php?rest_route=\/wp\/v2\/media\/19220"}],"wp:attachment":[{"href":"https:\/\/atecordoba.org\/index.php?rest_route=%2Fwp%2Fv2%2Fmedia&parent=10022"}],"wp:term":[{"taxonomy":"category","embeddable":true,"href":"https:\/\/atecordoba.org\/index.php?rest_route=%2Fwp%2Fv2%2Fcategories&post=10022"},{"taxonomy":"post_tag","embeddable":true,"href":"https:\/\/atecordoba.org\/index.php?rest_route=%2Fwp%2Fv2%2Ftags&post=10022"}],"curies":[{"name":"wp","href":"https:\/\/api.w.org\/{rel}","templated":true}]}}