{"id":10019,"date":"2018-04-27T13:38:10","date_gmt":"2018-04-27T16:38:10","guid":{"rendered":"http:\/\/www.atecordoba.org\/?p=10019"},"modified":"2018-04-27T13:38:10","modified_gmt":"2018-04-27T16:38:10","slug":"asamblea-en-educacion-evaluara-futuras-medidas-de-fuerza","status":"publish","type":"post","link":"https:\/\/atecordoba.org\/?p=10019","title":{"rendered":"Asamblea en Educaci\u00f3n evaluar\u00e1 futuras medidas de fuerza"},"content":{"rendered":"<p><em>La Direcci\u00f3n de Administraci\u00f3n del Ministerio de Educaci\u00f3n llevar\u00e1 a cabo una asamblea el mi\u00e9rcoles 2 de mayo ante la falta de respuesta a una serie de reclamos hist\u00f3ricos del sector que las autoridades&nbsp;no dan respuesta.<\/em><\/p>\n<p><img loading=\"lazy\" decoding=\"async\" class=\"aligncenter size-full wp-image-10020\" src=\"http:\/\/www.atecordoba.org\/wp-content\/uploads\/2018\/04\/provinciales-2-e1524847058220.jpeg\" alt=\"\" width=\"550\" height=\"309\"><\/p>\n<p>La asamblea est\u00e1 convocada para las 10 horas y paralizar\u00e1 la atenci\u00f3n. Los trabajadores evaluar\u00e1n los pasos a seguir, despu\u00e9s que las autoridades del Ministerio hicieran caso omiso a los reclamos elevados en reiteradas oportunidades respecto a un adicional que cobran otras reparticiones y que ATE reclama para el sector. Es una bonificaci\u00f3n que otros trabajadores con igual cargo y en el mismo estatuto tienen incorporado a su salario pero que Educaci\u00f3n se niega a pagar hace un a\u00f1o y medio. En l\u00ednea con lo que plante\u00f3 nuestra organizaci\u00f3n a principios de a\u00f1o, los trabajadores rechazan la pauta salarial por insuficiente.<\/p>\n<p>Adem\u00e1s, hay un reclamo tambi\u00e9n reiterado por las condiciones edilicias del lugar. Si bien mejor\u00f3 la infraestructura a partir de los pedidos de ATE, hay situaciones&nbsp; que se chocan con la salud e higiene laboral que no han sido resueltas como la instalaci\u00f3n de un &#8216;server inform\u00e1tico&#8217; en la cocina de uno de los pisos, algo absolutamente fuera de norma.<\/p>\n<p>Por otro lado, los trabajadores viene reclamando hace tiempo que finalice la pr\u00e1ctica de los&nbsp;nombramientos discrecionales, sin aplicar los instrumentos legales, de empleados que no registran actividad en el sector en muchos casos y otras irregularidades que tienen alarmados a los compa\u00f1eros de planta del sector.<\/p>\n<p>Por \u00faltimo, los compa\u00f1eros exigen que termine la&nbsp;persecuci\u00f3n gremial y acoso laboral a los delegados y afiliados.<\/p>\n<p>&nbsp;<\/p>\n<p>&nbsp;<\/p>\n","protected":false},"excerpt":{"rendered":"<p>La Direcci\u00f3n de Administraci\u00f3n del Ministerio de Educaci\u00f3n llevar\u00e1 a cabo una asamblea el mi\u00e9rcoles 2 de mayo ante la falta de respuesta a una serie de reclamos hist\u00f3ricos del sector que las autoridades&nbsp;no dan respuesta. La asamblea est\u00e1 convocada para las 10 horas y paralizar\u00e1 la atenci\u00f3n. Los trabajadores evaluar\u00e1n los pasos a seguir, [&hellip;]<\/p>\n","protected":false},"author":1,"featured_media":19220,"comment_status":"open","ping_status":"open","sticky":false,"template":"","format":"standard","meta":{"_exactmetrics_skip_tracking":false,"_exactmetrics_sitenote_active":false,"_exactmetrics_sitenote_note":"","_exactmetrics_sitenote_category":0,"jnews-multi-image_gallery":[],"jnews_single_post":[],"jnews_primary_category":[],"jnews_social_meta":[],"jnews_review":[],"enable_review":"","type":"","name":"","summary":"","brand":"","sku":"","good":[],"bad":[],"score_override":"","override_value":"","rating":[],"price":[],"jnews_override_counter":[],"jnews_post_split":[],"footnotes":""},"categories":[114,8],"tags":[],"class_list":["post-10019","post","type-post","status-publish","format-standard","has-post-thumbnail","hentry","category-ministerio-educacion","category-provinciales"],"jetpack_featured_media_url":"https:\/\/atecordoba.org\/wp-content\/uploads\/2020\/05\/logo-nuevochico-e1561581322808.png","_links":{"self":[{"href":"https:\/\/atecordoba.org\/index.php?rest_route=\/wp\/v2\/posts\/10019","targetHints":{"allow":["GET"]}}],"collection":[{"href":"https:\/\/atecordoba.org\/index.php?rest_route=\/wp\/v2\/posts"}],"about":[{"href":"https:\/\/atecordoba.org\/index.php?rest_route=\/wp\/v2\/types\/post"}],"author":[{"embeddable":true,"href":"https:\/\/atecordoba.org\/index.php?rest_route=\/wp\/v2\/users\/1"}],"replies":[{"embeddable":true,"href":"https:\/\/atecordoba.org\/index.php?rest_route=%2Fwp%2Fv2%2Fcomments&post=10019"}],"version-history":[{"count":0,"href":"https:\/\/atecordoba.org\/index.php?rest_route=\/wp\/v2\/posts\/10019\/revisions"}],"wp:featuredmedia":[{"embeddable":true,"href":"https:\/\/atecordoba.org\/index.php?rest_route=\/wp\/v2\/media\/19220"}],"wp:attachment":[{"href":"https:\/\/atecordoba.org\/index.php?rest_route=%2Fwp%2Fv2%2Fmedia&parent=10019"}],"wp:term":[{"taxonomy":"category","embeddable":true,"href":"https:\/\/atecordoba.org\/index.php?rest_route=%2Fwp%2Fv2%2Fcategories&post=10019"},{"taxonomy":"post_tag","embeddable":true,"href":"https:\/\/atecordoba.org\/index.php?rest_route=%2Fwp%2Fv2%2Ftags&post=10019"}],"curies":[{"name":"wp","href":"https:\/\/api.w.org\/{rel}","templated":true}]}}