{"id":10016,"date":"2018-04-27T13:12:49","date_gmt":"2018-04-27T16:12:49","guid":{"rendered":"http:\/\/www.atecordoba.org\/?p=10016"},"modified":"2018-04-27T13:12:49","modified_gmt":"2018-04-27T16:12:49","slug":"la-cta-a-anuncio-su-congreso-en-conferencia-de-prensa","status":"publish","type":"post","link":"https:\/\/atecordoba.org\/?p=10016","title":{"rendered":"La CTA-A anunci\u00f3 su Congreso en conferencia de prensa"},"content":{"rendered":"<p class=\"copete\"><em>Frente a la pretensi\u00f3n de disciplinamiento los trabajadores nos organizamos. Congresales de ATE viajan para participar ma\u00f1ana del Congreso con vistas a la renovaci\u00f3n de la conducci\u00f3n de la central.&nbsp;<\/em><\/p>\n<p><img loading=\"lazy\" decoding=\"async\" class=\"aligncenter size-full wp-image-10017\" src=\"http:\/\/www.atecordoba.org\/wp-content\/uploads\/2018\/04\/flyer-congreso-e1524845537765.jpg\" alt=\"\" width=\"550\" height=\"550\"><\/p>\n<p style=\"font-weight: 400;\">La conducci\u00f3n nacional de la CTA Aut\u00f3noma realiz\u00f3 esta ma\u00f1ana una conferencia de prensa de cara al Congreso Nacional Ordinario y Extraordinario que tendr\u00e1 lugar ma\u00f1ana. En la oportunidad se present\u00f3 tambi\u00e9n el informe elaborado por el Observatorio del Derecho Social de la Central conjuntamente con Liberpueblo sobre \u201cDetenciones, causas penales y represi\u00f3n de la protesta social\u201d.<\/p>\n<p style=\"font-weight: 400;\">La conferencia fue presentada por Ricardo Peidro, secretario General Adjunto de la Central: \u201cseg\u00fan nuestros informes, la concurrencia de congresales ser\u00e1 mucho mayor al congreso realizado en marzo\u201d, dijo e indic\u00f3 que durante la jornada se discutir\u00e1n medidas de fuerza para profundizar el plan de lucha contra el ajuste.<\/p>\n<p style=\"font-weight: 400;\">Por su parte, Claudia Baigorria, en representaci\u00f3n de CONADU Hist\u00f3rica, cont\u00f3 que los docentes universitarios se encuentran en la segunda jornada del paro de docentes universitarios con una alt\u00edsima adhesi\u00f3n: \u201chay un nivel de disconformidad muy grande por parte de nuestros afiliados ante la propuesta salarial del gobierno que es un 15% en cuatro cuotas no acumulativas y sin clausula gatillo\u201d.<\/p>\n<p style=\"font-weight: 400;\">A continuaci\u00f3n, Hugo \u201cCachorro\u201d Goodoy, Secretario General de ATE Nacional, dijo que \u201cma\u00f1ana vamos a ratificar el camino hacia las elecciones de la CTA Aut\u00f3noma el 8 de agosto pr\u00f3ximo, porque el 30 de septiembre vencen los mandatos actuales. Estas elecciones van a permitir construir por el voto secreto una nueva conducci\u00f3n que conducir\u00e1 en los pr\u00f3ximos 4 a\u00f1os los destinos de esta Central\u201d.<\/p>\n<p style=\"font-weight: 400;\">\u201cTambi\u00e9n vamos a presentar una serie de propuestas, que tienen que ver con la necesidad de elaborar un programa de la clase trabajadora de una propuesta pol\u00edtico y social que pueda modificar la pol\u00edtica econ\u00f3mica de este gobierno que est\u00e1 llevando a la pobreza: con despidos, cierre de f\u00e1brica, apertura de importaciones\u201d, dijo Cachorro e inform\u00f3 que la propuesta incluye un proyecto que establece un salario m\u00ednimo, b\u00e1sico y elemental para trabajadores tanto ocupados como desocupados que rondar\u00eda en el 18 mil. \u201cEn segundo lugar, reducir la cantidad de horas de trabajo para ampliar las posibilidades de empleo con la generaci\u00f3n de puestos de trabajo\u201d.<\/p>\n<p style=\"font-weight: 400;\"><b><strong style=\"font-style: inherit;\">Detenciones, causas penales y represi\u00f3n de la protesta social<\/strong><\/b><\/p>\n<p style=\"font-weight: 400;\">Durante la conferencia se present\u00f3 el informe elaborado por el Observatorio del Derecho Social de la CTA Aut\u00f3noma en conjunto con Liberpueblo en materia de criminalizaci\u00f3n de la protesta social. El trabajo constituye una s\u00edntesis de un relevamiento sobre las formas de respuesta estatal y de los empleadores a las acciones de protesta social que se han realizado en el pa\u00eds entre enero de 2016 y diciembre de 2017.<\/p>\n<p style=\"font-weight: 400;\">En este sentido, la abogada de la CTA e integrante del colectivo Liberpueblo, Veronica Quinteros, aclar\u00f3 que este informe es \u201cde m\u00ednima\u201d porque se relevan \u00fanicamente los casos que llegan a los medios period\u00edsticos: \u201clo que se ve es un acrecentamiento de la criminalizaci\u00f3n de la protesta desde 2016, que no solamente se ve en la cantidad de detenciones y encausamiento a trav\u00e9s del poder judicial, sino que tambi\u00e9n a partir de la desaparici\u00f3n y asesinato de Santiago Maldonado y Rafael Nahuel. Otra cuesti\u00f3n es la creaci\u00f3n de un enemigo interno que da lugar a lo que conocemos como la Doctrina Chocobar que da carta blanca a las fuerzas represivas\u201d.<\/p>\n<p style=\"font-weight: 400;\">En tanto Luis Campos, Coordinador de Observatorio del Derecho Social, agreg\u00f3 datos concretos del relevamiento que dan cuenta de centenares de realidades que vive la gente en todo el pa\u00eds: \u201ccuando decimos que en 2017 se incremento la respuesta represiva a la protesta, planteamos que es una forma que el Estado utiliza hace d\u00e9cadas. Sin embargo, lo que vemos es que la cantidad de detenciones por su participaci\u00f3n en hechos de defensa de derechos sociales de duplic\u00f3: pas\u00f3 de 269 en 2016 a 636 en 2017\u201d.<\/p>\n<p style=\"font-weight: 400;\">Otro de los datos que aparece es un cambio en el tipo de represi\u00f3n de la protesta: \u201chay un aumento de la violencia hacia las organizaciones. Ya no hablamos de detenciones, si no de uso directo de la violencia sobre quienes reclaman. Tuvimos muertes, heridos de gravedad, muchas personas que perdieron la vista, en situaciones de represi\u00f3n\u201d.<\/p>\n<p>&nbsp;<\/p>\n<div id=\"over-video\">&nbsp;<\/div>\n","protected":false},"excerpt":{"rendered":"<p>Frente a la pretensi\u00f3n de disciplinamiento los trabajadores nos organizamos. Congresales de ATE viajan para participar ma\u00f1ana del Congreso con vistas a la renovaci\u00f3n de la conducci\u00f3n de la central.&nbsp; La conducci\u00f3n nacional de la CTA Aut\u00f3noma realiz\u00f3 esta ma\u00f1ana una conferencia de prensa de cara al Congreso Nacional Ordinario y Extraordinario que tendr\u00e1 lugar [&hellip;]<\/p>\n","protected":false},"author":1,"featured_media":19220,"comment_status":"open","ping_status":"open","sticky":false,"template":"","format":"standard","meta":{"_exactmetrics_skip_tracking":false,"_exactmetrics_sitenote_active":false,"_exactmetrics_sitenote_note":"","_exactmetrics_sitenote_category":0,"jnews-multi-image_gallery":[],"jnews_single_post":[],"jnews_primary_category":[],"jnews_social_meta":[],"jnews_review":[],"enable_review":"","type":"","name":"","summary":"","brand":"","sku":"","good":[],"bad":[],"score_override":"","override_value":"","rating":[],"price":[],"jnews_override_counter":[],"jnews_post_split":[],"footnotes":""},"categories":[92],"tags":[],"class_list":["post-10016","post","type-post","status-publish","format-standard","has-post-thumbnail","hentry","category-cta"],"jetpack_featured_media_url":"https:\/\/atecordoba.org\/wp-content\/uploads\/2020\/05\/logo-nuevochico-e1561581322808.png","_links":{"self":[{"href":"https:\/\/atecordoba.org\/index.php?rest_route=\/wp\/v2\/posts\/10016","targetHints":{"allow":["GET"]}}],"collection":[{"href":"https:\/\/atecordoba.org\/index.php?rest_route=\/wp\/v2\/posts"}],"about":[{"href":"https:\/\/atecordoba.org\/index.php?rest_route=\/wp\/v2\/types\/post"}],"author":[{"embeddable":true,"href":"https:\/\/atecordoba.org\/index.php?rest_route=\/wp\/v2\/users\/1"}],"replies":[{"embeddable":true,"href":"https:\/\/atecordoba.org\/index.php?rest_route=%2Fwp%2Fv2%2Fcomments&post=10016"}],"version-history":[{"count":0,"href":"https:\/\/atecordoba.org\/index.php?rest_route=\/wp\/v2\/posts\/10016\/revisions"}],"wp:featuredmedia":[{"embeddable":true,"href":"https:\/\/atecordoba.org\/index.php?rest_route=\/wp\/v2\/media\/19220"}],"wp:attachment":[{"href":"https:\/\/atecordoba.org\/index.php?rest_route=%2Fwp%2Fv2%2Fmedia&parent=10016"}],"wp:term":[{"taxonomy":"category","embeddable":true,"href":"https:\/\/atecordoba.org\/index.php?rest_route=%2Fwp%2Fv2%2Fcategories&post=10016"},{"taxonomy":"post_tag","embeddable":true,"href":"https:\/\/atecordoba.org\/index.php?rest_route=%2Fwp%2Fv2%2Ftags&post=10016"}],"curies":[{"name":"wp","href":"https:\/\/api.w.org\/{rel}","templated":true}]}}