{"id":10012,"date":"2018-04-26T14:28:10","date_gmt":"2018-04-26T17:28:10","guid":{"rendered":"http:\/\/www.atecordoba.org\/?p=10012"},"modified":"2018-04-26T14:28:10","modified_gmt":"2018-04-26T17:28:10","slug":"se-realizo-ayer-una-asamblea-de-sectores-en-conflicto-del-estado-nacional","status":"publish","type":"post","link":"https:\/\/atecordoba.org\/?p=10012","title":{"rendered":"Se realiz\u00f3 ayer una asamblea de sectores en conflicto del Estado nacional"},"content":{"rendered":"<p><em>En Senasa se congregaron compa\u00f1eros de INTI, Agricultura Familiar, Conicet y de la ex Comisi\u00f3n de Pensiones.<\/em><\/p>\n<p><img loading=\"lazy\" decoding=\"async\" class=\"aligncenter size-full wp-image-10013\" src=\"http:\/\/www.atecordoba.org\/wp-content\/uploads\/2018\/04\/IMG_8464-e1524763536687.jpg\" alt=\"\" width=\"550\" height=\"413\"><\/p>\n<p>En la oportunidad estuvo presente la secretaria General de ATE C\u00f3rdoba, Liliana Salerno, quien refrend\u00f3 el compromiso de nuestro gremio con los compa\u00f1eros en lucha.<\/p>\n<p>Los trabajadores de la Secretar\u00eda de Agricultura Familiar est\u00e1n sufriendo una ola de despidos que superan los 200 compa\u00f1eros. Otro tanto sucede en Senasa y en el INTI, mientras que la ex Comisi\u00f3n Nacional de Pensiones tiene 67 trabajadores que han perdido su puesto de trabajo.<\/p>\n<p>Durante la asamblea se planteo la necesidad de coordinar acciones conjuntas y la metodolog\u00eda de lucha, para los pr\u00f3ximos d\u00edas, tanto a nivel local como nacional.<\/p>\n<p><img loading=\"lazy\" decoding=\"async\" class=\"aligncenter size-full wp-image-10014\" src=\"http:\/\/www.atecordoba.org\/wp-content\/uploads\/2018\/04\/IMG_8457-e1524763660482.jpg\" alt=\"\" width=\"550\" height=\"413\"><\/p>\n<p>Posteriormente, los delegados partieron del local de Senasa para realizar un corte de media calzada en la avenida Maip\u00fa, esquina con Rosario de Santa Fe. All\u00ed se realiz\u00f3 tambi\u00e9n una volanteada para difundir entre la comunidad la problem\u00e1tica que vive cada sector.&nbsp;<\/p>\n<p>Acompa\u00f1aron la actividad, solidarizandose y compartiendo sus experiencias de lucha, los compa\u00f1eros del Movimiento de Trabajadores Excluidos, integrante de la Confederaci\u00f3n de Trabajadores de la Econom\u00eda Popular (MTE-CTEP)<\/p>\n","protected":false},"excerpt":{"rendered":"<p>En Senasa se congregaron compa\u00f1eros de INTI, Agricultura Familiar, Conicet y de la ex Comisi\u00f3n de Pensiones. En la oportunidad estuvo presente la secretaria General de ATE C\u00f3rdoba, Liliana Salerno, quien refrend\u00f3 el compromiso de nuestro gremio con los compa\u00f1eros en lucha. Los trabajadores de la Secretar\u00eda de Agricultura Familiar est\u00e1n sufriendo una ola de [&hellip;]<\/p>\n","protected":false},"author":1,"featured_media":19220,"comment_status":"open","ping_status":"open","sticky":false,"template":"","format":"standard","meta":{"_exactmetrics_skip_tracking":false,"_exactmetrics_sitenote_active":false,"_exactmetrics_sitenote_note":"","_exactmetrics_sitenote_category":0,"jnews-multi-image_gallery":[],"jnews_single_post":[],"jnews_primary_category":[],"jnews_social_meta":[],"jnews_review":[],"enable_review":"","type":"","name":"","summary":"","brand":"","sku":"","good":[],"bad":[],"score_override":"","override_value":"","rating":[],"price":[],"jnews_override_counter":[],"jnews_post_split":[],"footnotes":""},"categories":[18],"tags":[],"class_list":["post-10012","post","type-post","status-publish","format-standard","has-post-thumbnail","hentry","category-nacionales"],"jetpack_featured_media_url":"https:\/\/atecordoba.org\/wp-content\/uploads\/2020\/05\/logo-nuevochico-e1561581322808.png","_links":{"self":[{"href":"https:\/\/atecordoba.org\/index.php?rest_route=\/wp\/v2\/posts\/10012","targetHints":{"allow":["GET"]}}],"collection":[{"href":"https:\/\/atecordoba.org\/index.php?rest_route=\/wp\/v2\/posts"}],"about":[{"href":"https:\/\/atecordoba.org\/index.php?rest_route=\/wp\/v2\/types\/post"}],"author":[{"embeddable":true,"href":"https:\/\/atecordoba.org\/index.php?rest_route=\/wp\/v2\/users\/1"}],"replies":[{"embeddable":true,"href":"https:\/\/atecordoba.org\/index.php?rest_route=%2Fwp%2Fv2%2Fcomments&post=10012"}],"version-history":[{"count":0,"href":"https:\/\/atecordoba.org\/index.php?rest_route=\/wp\/v2\/posts\/10012\/revisions"}],"wp:featuredmedia":[{"embeddable":true,"href":"https:\/\/atecordoba.org\/index.php?rest_route=\/wp\/v2\/media\/19220"}],"wp:attachment":[{"href":"https:\/\/atecordoba.org\/index.php?rest_route=%2Fwp%2Fv2%2Fmedia&parent=10012"}],"wp:term":[{"taxonomy":"category","embeddable":true,"href":"https:\/\/atecordoba.org\/index.php?rest_route=%2Fwp%2Fv2%2Fcategories&post=10012"},{"taxonomy":"post_tag","embeddable":true,"href":"https:\/\/atecordoba.org\/index.php?rest_route=%2Fwp%2Fv2%2Ftags&post=10012"}],"curies":[{"name":"wp","href":"https:\/\/api.w.org\/{rel}","templated":true}]}}