{"id":10007,"date":"2018-04-26T14:08:09","date_gmt":"2018-04-26T17:08:09","guid":{"rendered":"http:\/\/www.atecordoba.org\/?p=10007"},"modified":"2018-04-26T14:08:09","modified_gmt":"2018-04-26T17:08:09","slug":"despidos-multiplican-el-conflicto-en-senasa","status":"publish","type":"post","link":"https:\/\/atecordoba.org\/?p=10007","title":{"rendered":"Despidos multiplican el conflicto en Senasa"},"content":{"rendered":"<p><em>En el centro regional los delegados de ATE realizan dos horas de asamblea por turno. Hay 221 despidos en todo el pa\u00eds y dos en C\u00f3rdoba.<\/em><\/p>\n<p><img loading=\"lazy\" decoding=\"async\" class=\"aligncenter size-full wp-image-10008\" src=\"http:\/\/www.atecordoba.org\/wp-content\/uploads\/2018\/04\/IMG_8471-e1524762328402.jpg\" alt=\"\" width=\"550\" height=\"413\"><\/p>\n<p>Esta ma\u00f1ana se realiz\u00f3 una asamblea en el Centro Regional de Senasa, en C\u00f3rdoba Capital, en el marco del plan de lucha que ATE viene realizando a nivel nacional en rechazo y por la reincorporaci\u00f3n de 221 trabajadores despedidos.&nbsp;<\/p>\n<p>Seg\u00fan informaron los delegados del sector, dos de los despedidos son compa\u00f1eros que se desempe\u00f1an en C\u00f3rdoba, uno denla propia Regional y otro en &#8216;controles de frigor\u00edficos&#8217;.<\/p>\n<p>&#8220;El organismo est\u00e1 de paro de 96 horas esta desde que supimos de la existencia de una lista de compa\u00f1eros despedidos. Ayer nos informaron que en C\u00f3rdoba son dos despedidos, uno del centro regional y otro de frigor\u00edficos, hoy estamos de asamblea de dos horas por turno&#8221;, explic\u00f3 la delegada de ATE , Alejandra Agnone.<\/p>\n<p><img loading=\"lazy\" decoding=\"async\" class=\"aligncenter size-full wp-image-10009\" src=\"http:\/\/www.atecordoba.org\/wp-content\/uploads\/2018\/04\/IMG_8469-e1524762360187.jpg\" alt=\"\" width=\"550\" height=\"413\"><\/p>\n<p>La medida de fuerza paraliz\u00f3 la atenci\u00f3n en la delegaci\u00f3n y est\u00e1 previsto que contin\u00fae con la misma modalidad ma\u00f1ana.&nbsp;<\/p>\n<p>Los delegados afirman que los despidos son a causa de la quita de funciones y la privatizaci\u00f3n y tercerizaci\u00f3n de servicios. &#8220;La quita de controles sanitarios de parte del Estado, que debe ser una actividad indelegable y est\u00e1 pasando a manos privadas&#8221;, explic\u00f3 Agnone.<\/p>\n<p>Y agreg\u00f3: &#8220;estamos denunciando el riesgo sanitario que conlleva esto. Tienen la intenci\u00f3n de dejar de hacer controles en la circulaci\u00f3n de la alimentaci\u00f3n y esto implica consecuencias devastadoras por las enfermedades que esto trae aparejado, tanto en lo relacionado a carnes como a l\u00e1cteos&#8221;.<\/p>\n<p>De 221 compa\u00f1eros despedidos, hay muchos que se desempe\u00f1an en los puestos de barreras sanitarias. Estas postas han sido levantado con lo cual no se controlan una buena parte de los ingresos los egresos de mercader\u00eda al pa\u00eds, se\u00f1alan trabajadores de Senasa.<\/p>\n<p><strong>Persecuci\u00f3n a la actividad gremial<\/strong><\/p>\n<p>En la lista de despedidos figuran muchos trabajadores que son delegados y afiliados de ATE. Una muestra de c\u00f3mo el gobierno nacional pretende amedrentar a los trabajadores para que no salgan a pelear y resistir el desguace de Senasa. Pero Agnone responde que &#8220;nosotros vamos&nbsp; a estar ac\u00e1 como hicimos siempre pidiendo la reincorporaci\u00f3n de todos porque nadie sobra en el Senasa. Por el contrario, hace a\u00f1os que venimos diciendo que falta gente para realizar verdaderamente los controles, pero parece que tienen la intenci\u00f3n de pasar a manos privadas todos estos controles&#8221;.<\/p>\n<p><img loading=\"lazy\" decoding=\"async\" class=\"aligncenter size-full wp-image-10010\" src=\"http:\/\/www.atecordoba.org\/wp-content\/uploads\/2018\/04\/IMG_8465-e1524762408757.jpg\" alt=\"\" width=\"550\" height=\"413\"><\/p>\n<p>La dirigente apunt\u00f3 tambi\u00e9n al ministro de Agroindustria, Luis Etchevere, ex presidente de la Sociedad Rural. &#8220;Son los mismos que deber\u00edamos controlar los que est\u00e1n desarmando el Senasa, patronales que no quieren ser controlados y que ahora ejercen los cargos del Estado y los est\u00e1n desarticulando&#8221;, finaliz\u00f3.<\/p>\n<p>&nbsp;<\/p>\n<p>&nbsp;<\/p>\n<p>&nbsp;<\/p>\n","protected":false},"excerpt":{"rendered":"<p>En el centro regional los delegados de ATE realizan dos horas de asamblea por turno. Hay 221 despidos en todo el pa\u00eds y dos en C\u00f3rdoba. Esta ma\u00f1ana se realiz\u00f3 una asamblea en el Centro Regional de Senasa, en C\u00f3rdoba Capital, en el marco del plan de lucha que ATE viene realizando a nivel nacional [&hellip;]<\/p>\n","protected":false},"author":1,"featured_media":19220,"comment_status":"open","ping_status":"open","sticky":false,"template":"","format":"standard","meta":{"_exactmetrics_skip_tracking":false,"_exactmetrics_sitenote_active":false,"_exactmetrics_sitenote_note":"","_exactmetrics_sitenote_category":0,"jnews-multi-image_gallery":[],"jnews_single_post":[],"jnews_primary_category":[],"jnews_social_meta":[],"jnews_review":[],"enable_review":"","type":"","name":"","summary":"","brand":"","sku":"","good":[],"bad":[],"score_override":"","override_value":"","rating":[],"price":[],"jnews_override_counter":[],"jnews_post_split":[],"footnotes":""},"categories":[112],"tags":[],"class_list":["post-10007","post","type-post","status-publish","format-standard","has-post-thumbnail","hentry","category-senasa"],"jetpack_featured_media_url":"https:\/\/atecordoba.org\/wp-content\/uploads\/2020\/05\/logo-nuevochico-e1561581322808.png","_links":{"self":[{"href":"https:\/\/atecordoba.org\/index.php?rest_route=\/wp\/v2\/posts\/10007","targetHints":{"allow":["GET"]}}],"collection":[{"href":"https:\/\/atecordoba.org\/index.php?rest_route=\/wp\/v2\/posts"}],"about":[{"href":"https:\/\/atecordoba.org\/index.php?rest_route=\/wp\/v2\/types\/post"}],"author":[{"embeddable":true,"href":"https:\/\/atecordoba.org\/index.php?rest_route=\/wp\/v2\/users\/1"}],"replies":[{"embeddable":true,"href":"https:\/\/atecordoba.org\/index.php?rest_route=%2Fwp%2Fv2%2Fcomments&post=10007"}],"version-history":[{"count":0,"href":"https:\/\/atecordoba.org\/index.php?rest_route=\/wp\/v2\/posts\/10007\/revisions"}],"wp:featuredmedia":[{"embeddable":true,"href":"https:\/\/atecordoba.org\/index.php?rest_route=\/wp\/v2\/media\/19220"}],"wp:attachment":[{"href":"https:\/\/atecordoba.org\/index.php?rest_route=%2Fwp%2Fv2%2Fmedia&parent=10007"}],"wp:term":[{"taxonomy":"category","embeddable":true,"href":"https:\/\/atecordoba.org\/index.php?rest_route=%2Fwp%2Fv2%2Fcategories&post=10007"},{"taxonomy":"post_tag","embeddable":true,"href":"https:\/\/atecordoba.org\/index.php?rest_route=%2Fwp%2Fv2%2Ftags&post=10007"}],"curies":[{"name":"wp","href":"https:\/\/api.w.org\/{rel}","templated":true}]}}