{"id":10003,"date":"2018-04-25T16:08:47","date_gmt":"2018-04-25T19:08:47","guid":{"rendered":"http:\/\/www.atecordoba.org\/?p=10003"},"modified":"2018-04-25T16:08:47","modified_gmt":"2018-04-25T19:08:47","slug":"inconstitucional-ilegitimo-y-dictatorial","status":"publish","type":"post","link":"https:\/\/atecordoba.org\/?p=10003","title":{"rendered":"Inconstitucional, ileg\u00edtima y dictatorial"},"content":{"rendered":"<p><em>La propuesta de un abogado ex interventor de ATE durante la dictadura como integrante de una comisi\u00f3n espuria, que pretende reglamentar el derecho a huelga, ofende la memoria de los m\u00e1rtires del movimiento obrero y confirma la decisi\u00f3n pol\u00edtica del Ejecutivo provincial de continuar cercenando derechos y anulando conquistas en materia laboral. &nbsp;<\/em><\/p>\n<p><img loading=\"lazy\" decoding=\"async\" class=\"aligncenter size-full wp-image-10004\" src=\"http:\/\/www.atecordoba.org\/wp-content\/uploads\/2018\/04\/dia-verdad-memoria-y-justicia.jpg\" alt=\"\" width=\"300\" height=\"200\"><\/p>\n<p>El Consejo Directivo Provincial repudia la proposici\u00f3n de Guillermo Ernesto Maisuls para el cargo de referencia e insta al gobierno provincial a tener el m\u00ednimo respeto por los desaparecidos del movimiento obrero cordob\u00e9s durante la dictadura genocida, cuyos personeros fueron sucesivamente condenados en instancias judiciales.<\/p>\n<p>En este contexto, es evidente que un asesor del Ministerio de Trabajo del r\u00e9gimen c\u00edvico-militar no pod\u00eda ignorar la situaci\u00f3n y en consecuencia su intervenci\u00f3n fue sin duda un aval al proceso m\u00e1s sanguinario y corrupto que conociera la Argentina, vinculado adem\u00e1s a la etapa m\u00e1s negra de la p\u00e9rdida de derechos de los trabajadores y el congelamiento de los convenios colectivos de trabajo.<\/p>\n<p>Por ello que es inconcebible que un gobierno democr\u00e1tico, que dice acatar el respeto a los DDHH, impulse su nombramiento.<\/p>\n<p>Todo esto se inscribe en el marco de una ley para regular el derecho a huelga que es absolutamente inconstitucional, ya que est\u00e1 claro que es el Congreso Nacional el \u00fanico poder con capacidad para legislar en la materia.<\/p>\n<p>Desde ATE alertamos a los legisladores provinciales, con la autoridad moral que nos da haberlo sufrido en carne propia, que el nombramiento este personaje ex funcionario de la dictadura, que integrar\u00e1 un \u00f3rgano creado por una ley inconstitucional, retrotrae el debate sobre los derechos de los trabajadores a etapas pre-peronistas.<\/p>\n<p>No es extra\u00f1o, entonces, que el mismo gobierno que impulsa esta normativa denuncie los convenios colectivos de trabajo.<\/p>\n<p>&nbsp;<\/p>\n<p style=\"text-align: right;\">Liliana Salerno<\/p>\n<p style=\"text-align: right;\">Secretaria General<\/p>\n","protected":false},"excerpt":{"rendered":"<p>La propuesta de un abogado ex interventor de ATE durante la dictadura como integrante de una comisi\u00f3n espuria, que pretende reglamentar el derecho a huelga, ofende la memoria de los m\u00e1rtires del movimiento obrero y confirma la decisi\u00f3n pol\u00edtica del Ejecutivo provincial de continuar cercenando derechos y anulando conquistas en materia laboral. &nbsp; El Consejo [&hellip;]<\/p>\n","protected":false},"author":1,"featured_media":19220,"comment_status":"open","ping_status":"open","sticky":false,"template":"","format":"standard","meta":{"_exactmetrics_skip_tracking":false,"_exactmetrics_sitenote_active":false,"_exactmetrics_sitenote_note":"","_exactmetrics_sitenote_category":0,"jnews-multi-image_gallery":[],"jnews_single_post":[],"jnews_primary_category":[],"jnews_social_meta":[],"jnews_review":[],"enable_review":"","type":"","name":"","summary":"","brand":"","sku":"","good":[],"bad":[],"score_override":"","override_value":"","rating":[],"price":[],"jnews_override_counter":[],"jnews_post_split":[],"footnotes":""},"categories":[10,122],"tags":[],"class_list":["post-10003","post","type-post","status-publish","format-standard","has-post-thumbnail","hentry","category-accion-politica","category-ddhh"],"jetpack_featured_media_url":"https:\/\/atecordoba.org\/wp-content\/uploads\/2020\/05\/logo-nuevochico-e1561581322808.png","_links":{"self":[{"href":"https:\/\/atecordoba.org\/index.php?rest_route=\/wp\/v2\/posts\/10003","targetHints":{"allow":["GET"]}}],"collection":[{"href":"https:\/\/atecordoba.org\/index.php?rest_route=\/wp\/v2\/posts"}],"about":[{"href":"https:\/\/atecordoba.org\/index.php?rest_route=\/wp\/v2\/types\/post"}],"author":[{"embeddable":true,"href":"https:\/\/atecordoba.org\/index.php?rest_route=\/wp\/v2\/users\/1"}],"replies":[{"embeddable":true,"href":"https:\/\/atecordoba.org\/index.php?rest_route=%2Fwp%2Fv2%2Fcomments&post=10003"}],"version-history":[{"count":0,"href":"https:\/\/atecordoba.org\/index.php?rest_route=\/wp\/v2\/posts\/10003\/revisions"}],"wp:featuredmedia":[{"embeddable":true,"href":"https:\/\/atecordoba.org\/index.php?rest_route=\/wp\/v2\/media\/19220"}],"wp:attachment":[{"href":"https:\/\/atecordoba.org\/index.php?rest_route=%2Fwp%2Fv2%2Fmedia&parent=10003"}],"wp:term":[{"taxonomy":"category","embeddable":true,"href":"https:\/\/atecordoba.org\/index.php?rest_route=%2Fwp%2Fv2%2Fcategories&post=10003"},{"taxonomy":"post_tag","embeddable":true,"href":"https:\/\/atecordoba.org\/index.php?rest_route=%2Fwp%2Fv2%2Ftags&post=10003"}],"curies":[{"name":"wp","href":"https:\/\/api.w.org\/{rel}","templated":true}]}}