{"id":10000,"date":"2018-04-25T11:38:08","date_gmt":"2018-04-25T14:38:08","guid":{"rendered":"http:\/\/www.atecordoba.org\/?p=10000"},"modified":"2020-06-18T23:40:38","modified_gmt":"2020-06-19T02:40:38","slug":"denuncian-al-intendente-de-unquillo-por-persecucion-politica-y-negacionismo-de-la-dictadura","status":"publish","type":"post","link":"https:\/\/atecordoba.org\/?p=10000","title":{"rendered":"Denuncian al intendente de Unquillo por persecuci\u00f3n pol\u00edtica y negacionismo de la dictadura"},"content":{"rendered":"<p><em>ATE y el Colectivo por la Memoria denuncian que el jefe comunal Jorge Fabrissin despide delegados con tutela gremial, al tiempo que niega el genocidio y los delitos de lesa humanidad que realiz\u00f3 la dictadura en dicha localidad.&nbsp;<\/em><\/p>\n<figure id=\"attachment_10001\" aria-describedby=\"caption-attachment-10001\" style=\"width: 400px\" class=\"wp-caption aligncenter\"><img loading=\"lazy\" decoding=\"async\" class=\"wp-image-10001 size-full\" src=\"http:\/\/atecordoba.org\/wp-content\/uploads\/2020\/06\/DSC_0026-e1524666866947.jpg\" alt=\"\" width=\"400\" height=\"711\"><figcaption id=\"caption-attachment-10001\" class=\"wp-caption-text\">Antonio Aredes, delegado de ATE e hijo de una vecina de Unquillo que fue desaparecida durante la dictadura, mientras el actual intendente Fabrissin estaba a cargo de la Municipalidad.<\/figcaption><\/figure>\n<p>El Colectivo por la Memoria de Unquillo viene trabajando desde hace a\u00f1os para la recuperaci\u00f3n de las memorias sobre el ex Centro Clandestino que funcionara en la ex Comisar\u00eda, como as\u00ed tambi\u00e9n en la promoci\u00f3n de los derechos humanos que est\u00e1n siendo invisibilizados y vulnerados en la actualidad.<\/p>\n<p>Contrariamente, el Intendente Jorge Ren\u00e9 Fabrissin que ocup\u00f3 el mismo cargo durante la \u00faltima dictadura C\u00edvico Militar, no solo niega sistem\u00e1ticamente la existencia de un centro clandestino y a los desaparecidos de Unquillo, sino que reedita pr\u00e1cticas antidemocr\u00e1ticas, re\u00f1idas con el derecho y la idea de libertad, como es la persecuci\u00f3n pol\u00edtica y judicial a quienes opinan distinto.&nbsp;<\/p>\n<p>A pocos d\u00edas de asumir, en diciembre de 2015, Fabrissin ech\u00f3 a m\u00e1s de la mitad de los empleados de la Municipalidad, entre ellos cuatro delegados de ATE.&nbsp; Es decir, niega sistem\u00e1ticamente sobre hechos probados por la Justicia Federal respecto a la ex comisar\u00eda de Unquillo, sino que adem\u00e1s niega y desconoce los canales democr\u00e1ticos de representaci\u00f3n gremial y la legitimidad de dichas representaciones, todos derechos reconocidos nuestro pa\u00eds.<\/p>\n<p><strong>Persecusi\u00f3n a delegados gremiales<\/strong><\/p>\n<p>En los \u00faltimos d\u00edas de febrero la C\u00e1mara de 2\u00aa instancia de la justicia cordobesa fall\u00f3 en contra del amparo presentado por los delegados de ATE Antonio Aredes y Rosana Bustos -miembros del Colectivo por la Memoria de Unquillo- para dejar sin efecto sus despidos de la Municipalidad. Esta medida &#8211; que deja serias sospechas sobre la connivencia entre el poder judicial de c\u00f3rdoba y el poder pol\u00edtico- fue apelada y ser\u00e1 el Tribunal Superior de Justicia quien tenga la \u00faltima palabra en el asunto.<\/p>\n<p>Queremos expresar nuestra enorme preocupaci\u00f3n ante el aval judicial a la ola de despidos y abusos de poder perpetrados por la actual gesti\u00f3n municipal de Unquillo, que evidenci\u00f3 la C\u00e1mara mencionada con su resoluci\u00f3n.<\/p>\n<p>El estado de derecho, y de la democracia misma, se ponen en jaque al negar los derechos de los trabajadores y la protecci\u00f3n gremial reconocida en tratados internacionales y leyes nacionales, como necesaria e imprescindible precisamente, ante este tipo de situaciones.<\/p>\n<p>&nbsp;<\/p>\n","protected":false},"excerpt":{"rendered":"<p>ATE y el Colectivo por la Memoria denuncian que el jefe comunal Jorge Fabrissin despide delegados con tutela gremial, al tiempo que niega el genocidio y los delitos de lesa humanidad que realiz\u00f3 la dictadura en dicha localidad.&nbsp; El Colectivo por la Memoria de Unquillo viene trabajando desde hace a\u00f1os para la recuperaci\u00f3n de las [&hellip;]<\/p>\n","protected":false},"author":1,"featured_media":19220,"comment_status":"open","ping_status":"open","sticky":false,"template":"","format":"standard","meta":{"_exactmetrics_skip_tracking":false,"_exactmetrics_sitenote_active":false,"_exactmetrics_sitenote_note":"","_exactmetrics_sitenote_category":0,"jnews-multi-image_gallery":[],"jnews_single_post":[],"jnews_primary_category":[],"jnews_social_meta":[],"jnews_review":[],"enable_review":"","type":"","name":"","summary":"","brand":"","sku":"","good":[],"bad":[],"score_override":"","override_value":"","rating":[],"price":[],"jnews_override_counter":[],"jnews_post_split":[],"footnotes":""},"categories":[122,20],"tags":[],"class_list":["post-10000","post","type-post","status-publish","format-standard","has-post-thumbnail","hentry","category-ddhh","category-municipales"],"jetpack_featured_media_url":"https:\/\/atecordoba.org\/wp-content\/uploads\/2020\/05\/logo-nuevochico-e1561581322808.png","_links":{"self":[{"href":"https:\/\/atecordoba.org\/index.php?rest_route=\/wp\/v2\/posts\/10000","targetHints":{"allow":["GET"]}}],"collection":[{"href":"https:\/\/atecordoba.org\/index.php?rest_route=\/wp\/v2\/posts"}],"about":[{"href":"https:\/\/atecordoba.org\/index.php?rest_route=\/wp\/v2\/types\/post"}],"author":[{"embeddable":true,"href":"https:\/\/atecordoba.org\/index.php?rest_route=\/wp\/v2\/users\/1"}],"replies":[{"embeddable":true,"href":"https:\/\/atecordoba.org\/index.php?rest_route=%2Fwp%2Fv2%2Fcomments&post=10000"}],"version-history":[{"count":1,"href":"https:\/\/atecordoba.org\/index.php?rest_route=\/wp\/v2\/posts\/10000\/revisions"}],"predecessor-version":[{"id":20357,"href":"https:\/\/atecordoba.org\/index.php?rest_route=\/wp\/v2\/posts\/10000\/revisions\/20357"}],"wp:featuredmedia":[{"embeddable":true,"href":"https:\/\/atecordoba.org\/index.php?rest_route=\/wp\/v2\/media\/19220"}],"wp:attachment":[{"href":"https:\/\/atecordoba.org\/index.php?rest_route=%2Fwp%2Fv2%2Fmedia&parent=10000"}],"wp:term":[{"taxonomy":"category","embeddable":true,"href":"https:\/\/atecordoba.org\/index.php?rest_route=%2Fwp%2Fv2%2Fcategories&post=10000"},{"taxonomy":"post_tag","embeddable":true,"href":"https:\/\/atecordoba.org\/index.php?rest_route=%2Fwp%2Fv2%2Ftags&post=10000"}],"curies":[{"name":"wp","href":"https:\/\/api.w.org\/{rel}","templated":true}]}}