{"id":1000,"date":"2011-03-17T15:12:30","date_gmt":"2011-03-17T18:12:30","guid":{"rendered":"http:\/\/www.atecordoba.org\/?p=1000"},"modified":"2011-03-17T15:12:30","modified_gmt":"2011-03-17T18:12:30","slug":"delegados-nacionales-participaron-en-un-encuentro-en-el-cdp","status":"publish","type":"post","link":"https:\/\/atecordoba.org\/?p=1000","title":{"rendered":"Delegados nacionales participaron en un encuentro en el CDP"},"content":{"rendered":"<p style=\"text-align: center;\"><img loading=\"lazy\" decoding=\"async\" class=\"aligncenter  wp-image-1010\" title=\"arton121\" src=\"http:\/\/www.atecordoba.org\/wp-content\/uploads\/2012\/07\/arton121-1024x768.jpg\" alt=\"\" width=\"502\" height=\"377\" \/><\/p>\n<div>\n<div dir=\"ltr\">\n<p><strong>(C\u00f3rdoba, 17-3-2011) El pasado 11 de marzo se realiz\u00f3 en la sede de ATE un taller en el que participaron delegados de organismos nacionales de capital.<\/strong><\/p>\n<\/div>\n<\/div>\n<div>\n<div dir=\"ltr\">\n<p>El taller se dividi\u00f3 en dos partes: una formativa , sobre encuadre jur\u00eddico sindical, y una segunda parte donde los compa\u00f1eros delegados expusieron la problem\u00e1tica de los distintos organismos y, sobre las necesidades colectivas y sectoriales.<\/p>\n<p>Es de destacar que atento al rico debate y discusi\u00f3n de los compa\u00f1eros, que cont\u00f3 con la presencia de la Sec General Mar\u00eda Teresa Romero y otros miembros del Consejo Directivo Provincial, se logr\u00f3 acordar actividades en conjunto y el llamamiento a Plenario de Delegados Provinciales del Sector Nacional, para el dia 8 de abril de 2011, en vista del momento hist\u00f3rico, social y pol\u00edtico que se esta atravesando y apoyar la lucha de los compa\u00f1eros del Personal Civil de las FFAA, expresamente en la marcha del 17\/03\/2011.<\/p>\n<p>Se debati\u00f3 sobre pol\u00edtica sindical, paritarias, pauta salarial, planes de lucha , entre otros temas no menos importantes como los que hacen a las decisiones pol\u00edticas-sindicales de ATE nacional.<\/p>\n<p>Qued\u00f3 una vez m\u00e1s planteada la necesidad de establecer una pol\u00edtica particular para el sector nacional.<\/p>\n<p>Este taller se convirti\u00f3 en encuentro participativo de delegados comprometidoss con su tarea diaria y las ideas fundacionales de nuestro gremio.<\/p>\n<p>Les brindamos esta informaci\u00f3n, a fin de difundir entre todos los compa\u00f1eros lo fruct\u00edfero que fue para todos los que estuvimos presentes<\/p>\n<\/div>\n<\/div>\n","protected":false},"excerpt":{"rendered":"<p>(C\u00f3rdoba, 17-3-2011) El pasado 11 de marzo se realiz\u00f3 en la sede de ATE un taller en el que participaron delegados de organismos nacionales de capital. El taller se dividi\u00f3 en dos partes: una formativa , sobre encuadre jur\u00eddico sindical, y una segunda parte donde los compa\u00f1eros delegados expusieron la problem\u00e1tica de los distintos organismos [&hellip;]<\/p>\n","protected":false},"author":1,"featured_media":19220,"comment_status":"open","ping_status":"open","sticky":false,"template":"","format":"standard","meta":{"_exactmetrics_skip_tracking":false,"_exactmetrics_sitenote_active":false,"_exactmetrics_sitenote_note":"","_exactmetrics_sitenote_category":0,"jnews-multi-image_gallery":[],"jnews_single_post":[],"jnews_primary_category":[],"jnews_social_meta":[],"jnews_review":[],"enable_review":"","type":"","name":"","summary":"","brand":"","sku":"","good":[],"bad":[],"score_override":"","override_value":"","rating":[],"price":[],"jnews_override_counter":[],"jnews_post_split":[],"footnotes":""},"categories":[1],"tags":[43,11],"class_list":["post-1000","post","type-post","status-publish","format-standard","has-post-thumbnail","hentry","category-sin-categoria","tag-cdp","tag-noticias-2"],"jetpack_featured_media_url":"https:\/\/atecordoba.org\/wp-content\/uploads\/2020\/05\/logo-nuevochico-e1561581322808.png","_links":{"self":[{"href":"https:\/\/atecordoba.org\/index.php?rest_route=\/wp\/v2\/posts\/1000","targetHints":{"allow":["GET"]}}],"collection":[{"href":"https:\/\/atecordoba.org\/index.php?rest_route=\/wp\/v2\/posts"}],"about":[{"href":"https:\/\/atecordoba.org\/index.php?rest_route=\/wp\/v2\/types\/post"}],"author":[{"embeddable":true,"href":"https:\/\/atecordoba.org\/index.php?rest_route=\/wp\/v2\/users\/1"}],"replies":[{"embeddable":true,"href":"https:\/\/atecordoba.org\/index.php?rest_route=%2Fwp%2Fv2%2Fcomments&post=1000"}],"version-history":[{"count":0,"href":"https:\/\/atecordoba.org\/index.php?rest_route=\/wp\/v2\/posts\/1000\/revisions"}],"wp:featuredmedia":[{"embeddable":true,"href":"https:\/\/atecordoba.org\/index.php?rest_route=\/wp\/v2\/media\/19220"}],"wp:attachment":[{"href":"https:\/\/atecordoba.org\/index.php?rest_route=%2Fwp%2Fv2%2Fmedia&parent=1000"}],"wp:term":[{"taxonomy":"category","embeddable":true,"href":"https:\/\/atecordoba.org\/index.php?rest_route=%2Fwp%2Fv2%2Fcategories&post=1000"},{"taxonomy":"post_tag","embeddable":true,"href":"https:\/\/atecordoba.org\/index.php?rest_route=%2Fwp%2Fv2%2Ftags&post=1000"}],"curies":[{"name":"wp","href":"https:\/\/api.w.org\/{rel}","templated":true}]}}